{"id":8084,"date":"2016-07-20T19:03:25","date_gmt":"2016-07-21T00:03:25","guid":{"rendered":"http:\/\/visionpeninsular.com\/mid\/?p=8084"},"modified":"2016-07-20T19:03:25","modified_gmt":"2016-07-21T00:03:25","slug":"abrira-sus-puertas-centro-integral-para-adultos-mayores-gratuito-en-merida","status":"publish","type":"post","link":"https:\/\/visionpeninsular.com\/mid\/abrira-sus-puertas-centro-integral-para-adultos-mayores-gratuito-en-merida\/","title":{"rendered":"Abrir\u00e1 sus puertas Centro Integral para Adultos mayores  gratuito en M\u00e9rida"},"content":{"rendered":"<p>El alcalde, Mauricio Vila Dosal, inaugur\u00f3 hoy el Centro Integral para la Plenitud del Adulto Mayor \u201cRenacer\u201d, \u00fanico en el Sureste de M\u00e9xico, ubicado en el fraccionamiento Juan Pablo II, obra en la que el Ayuntamiento invirti\u00f3 $14 millones y coloca a M\u00e9rida en la vanguardia en la atenci\u00f3n de la poblaci\u00f3n de adultos mayores.<\/p>\n<p>Vila Dosal subray\u00f3 que con la construcci\u00f3n de este Centro cumple el compromiso que hizo con los adultos mayores para elevar su calidad de vida, adem\u00e1s de que se trata de un reconocimiento y un acto de justicia.<\/p>\n<p>A su llegada al centro, acompa\u00f1ado de su esposa Mar\u00eda Eugenia Ortiz Abraham, presidenta del DIF Municipal, el alcalde cort\u00f3 el list\u00f3n inaugural, devel\u00f3 una placa alusiva -ubicada a la entrada del nuevo edificio- y recorri\u00f3 las instalaciones, donde observ\u00f3 distintos talleres como capoterapia, baile flamenco y tai chi.<\/p>\n<p>Vila Dosal subray\u00f3 que las autoridades tienen la obligaci\u00f3n y la responsabilidad de ocuparse de los adultos mayores, que con su talento y su trabajo ayudaron a construir la M\u00e9rida que hoy todos disfrutamos.<\/p>\n<p>En estas nuevas instalaciones, explic\u00f3, el Ayuntamiento ofrecer\u00e1 actividades encaminadas a mantener y mejorar la salud f\u00edsica, la alimentaci\u00f3n, la salud mental, la cultura, y promover\u00e1 el micro emprendimiento y la inclusi\u00f3n social.<\/p>\n<p>Afirm\u00f3 que tambi\u00e9n se ofrecer\u00e1n actividades novedosas como cultura f\u00edsica, t\u00e9cnicas de defensa personal, psicolog\u00eda de la tercera edad y prevenci\u00f3n de la diabetes.<\/p>\n<p>\u2014En el Ayuntamiento de M\u00e9rida estamos convencidos de que los adultos mayores han contribuido y pueden seguir contribuyendo al desarrollo de M\u00e9rida y por eso impulsamos pol\u00edticas para logarlo \u2014asever\u00f3.<\/p>\n<p>Hoy, el alcalde entreg\u00f3 una tarjeta \u201cAdulto Mayor, Ciudadano Distinguido\u201d, a Jorge S\u00e1nchez Flores, beneficiario del DIF, quien a nombre de los dem\u00e1s agradeci\u00f3 a la autoridad municipal que los reconozca como productivos y les proporcione un lugar adecuado para sus actividades f\u00edsicas y recreativas, as\u00ed como para la sana convivencia.<\/p>\n<p>La directora del DIF, Loreto Villanueva Trujillo, enfatiz\u00f3 que el nuevo centro beneficiar\u00e1 tambi\u00e9n a los 40 residentes del Centro de Atenci\u00f3n al Adulto Mayor, ubicado a un costado del nuevo edificio, a quienes permitir\u00e1 convivir con personas de su edad y participar en las nuevas actividades.<\/p>\n<p>Subray\u00f3 que la obra se apega a los ejes de accesibilidad universal, innovaci\u00f3n, sustentabilidad y tradici\u00f3n con las diferentes actividades y servicios que se brindan.<\/p>\n<p>Georgina Romero Marrufo, coordinadora de la licenciatura en Psicolog\u00eda y Gerontolog\u00eda de la Universidad Mesoamericana de San Agust\u00edn, expres\u00f3 que ojal\u00e1 hubiera m\u00e1s acciones p\u00fablicas a favor de los adultos mayores, ya que lugares como este centro les permiten sentirse activos, plenos y en familia, al mejorar de manera sustancial su bienestar integral.<\/p>\n<p>Apoyos municipales a las personas de la tercera edad<\/p>\n<p>El alcalde record\u00f3 que los adultos mayores integrados en los programas del DIF tienen ya acceso gratuito a cursos y talleres de computaci\u00f3n, ingl\u00e9s, rob\u00f3tica, innovaci\u00f3n y emprendimiento, gracias a la carta compromiso que el Ayuntamiento firm\u00f3 con Punto M\u00e9xico Conectado.<\/p>\n<p>Entre otras acciones para beneficio de ese grupo de la poblaci\u00f3n el Ayuntamiento ha realizado en 10 meses, en los clubes del Adulto Mayor, m\u00e1s de 22,000 actividades y se entregaron alrededor de 19,000 despensas en M\u00e9rida y sus comisar\u00edas, con una inversi\u00f3n superior a los $2 millones.<\/p>\n<p>Record\u00f3 que la Comuna tambi\u00e9n subsidia el pago de la recolecci\u00f3n de basura a 5,347 predios propiedad de jubilados o pensionados, por un monto de $1.7 millones; en el pago del predial el subsidio es de $4.6 millones a jubilados y pensionados, lo que representa un aumento del 8% en comparaci\u00f3n con el a\u00f1o anterior; con la tarjeta \u201cAdulto Mayor, Ciudadano Distinguido\u201d, m\u00e1s de 100 empresas socialmente responsables ofrecen descuentos y promociones, y por medio del DIF ya se entregaron m\u00e1s de 600 aparatos ortop\u00e9dicos.<\/p>\n<p>Otro apoyo, dijo, es el que se brinda mediante el programa \u201cM\u00e9dico a domicilio\u201d para adultos mayores y personas con discapacidad que no pueden desplazarse hasta un m\u00f3dulo m\u00e9dico.<\/p>\n<p>Subray\u00f3 que la pol\u00edtica social del Ayuntamiento alrededor del adulto mayor no es un hecho aislado, sino una estrategia integral para beneficiar a las 88,137 personas de la tercera edad que habitan en M\u00e9rida.<br \/>\nAclar\u00f3 que actualmente el Ayuntamiento atiende a 15,733 adultos mayores y con el nuevo centro la cifra se elevar\u00e1 a 25,172, es decir, 9,439 m\u00e1s.<\/p>\n<p>Acompa\u00f1aron al alcalde en el pres\u00eddium, adem\u00e1s de su esposa, la directora del DIF, el beneficiario S\u00e1nchez Flores y la se\u00f1ora Romero, Ale Manuel Uribe Gonz\u00e1lez, director ejecutivo del Consejo Nacional de Gerontolog\u00eda; Leandra Moguel Lizama, representante del DIF Yucat\u00e1n; Jos\u00e9 Enrique Goff Ailloud, presidente de la Codhey; V\u00edctor Hugo Lozano Poveda, coordinador general de Pol\u00edtica Comunitaria; Cecilia Patr\u00f3n Laviada, directora de Desarrollo Social.<\/p>\n<p>Descripci\u00f3n del Centro reci\u00e9n inaugurado<\/p>\n<p>El centro, \u00fanico en su tipo en el Sureste, comenzar\u00e1 actividades el lunes pr\u00f3ximo, con horario de 8:30 de la ma\u00f1ana a 6 de la tarde. Entre sus actividades ofrecer\u00e1 el Club Cero D, enfocado a prevenir la diabetes, coordinado por el Centro Municipal para la Atenci\u00f3n de la Nutrici\u00f3n y Diabetes.<\/p>\n<p>Ofrecer\u00e1 atenci\u00f3n m\u00e9dica y psicol\u00f3gica y clases de capoterapia, danza regional, cultura f\u00edsica, t\u00e9cnicas de defensa personal, psicolog\u00eda de la tercera edad, canoterapia, baile de sal\u00f3n, aer\u00f3bicos, rondalla, coro, danza espa\u00f1ola, yoga, folclore, tai chi, gimnasia cerebral, cachibol, acuaterapia, s\u00f3ftbol y ajedrez. Tambi\u00e9n habr\u00e1 talleres de teatro, cinema, huertos org\u00e1nicos, inclusi\u00f3n digital, adultos emprendedores, entre otros.<\/p>\n<p>67 personas est\u00e1n a cargo de la atenci\u00f3n del Centro entre instructores, supervisores, personal de vigilancia, mantenimiento y limpieza, enfermeros, nutri\u00f3logos y trabajadores sociales.<\/p>\n<p>El nuevo edificio se podr\u00e1 utilizar como albergue temporal o centro de acopio en caso de desastres naturales<\/p>\n<p>La zona techada, de 1,091 metros cuadros, cuenta con sal\u00f3n de usos m\u00faltiples con capacidad para 100 personas, \u00e1rea administrativa, salones de terapia ocupacional, salones de danza, ba\u00f1os, bodegas, \u00e1reas de pasillo y p\u00e9rgolas. El exterior, un total 2,456 m2, incluye estacionamiento con 21 cajones, jardines, p\u00e9rgolas y \u00e1reas de descanso.<\/p>\n<p>El edificio cuenta con un sistema de aislantes t\u00e9rmicos que reduce en 51% el consumo de energ\u00eda en sus instalaciones y es el primer edificio municipal de M\u00e9rida con esta caracter\u00edstica.<\/p>\n<p>Bolet\u00edn de prensa<\/p>\n<div class='share-to-whatsapp-wrapper'><div class='share-on-whsp'>Share on: <\/div><a data-text='Abrir\u00e1 sus puertas Centro Integral para Adultos mayores  gratuito en M\u00e9rida' data-link='https:\/\/visionpeninsular.com\/mid\/abrira-sus-puertas-centro-integral-para-adultos-mayores-gratuito-en-merida\/' class='whatsapp-button whatsapp-share'>WhatsApp<\/a><div class='clear '><\/div><\/div>","protected":false},"excerpt":{"rendered":"<p>El alcalde, Mauricio Vila Dosal, inaugur\u00f3 hoy el Centro Integral para la Plenitud del Adulto Mayor \u201cRenacer\u201d, \u00fanico en el Sureste de M\u00e9xico, ubicado en el fraccionamiento Juan Pablo II, obra en la que el Ayuntamiento invirti\u00f3 $14 millones y coloca a M\u00e9rida en la vanguardia en la atenci\u00f3n de la poblaci\u00f3n de adultos mayores. &hellip;<\/p>\n","protected":false},"author":1,"featured_media":8085,"comment_status":"open","ping_status":"open","sticky":false,"template":"","format":"standard","meta":{"_mi_skip_tracking":false},"categories":[50],"tags":[1681,1682,1519,1680],"_links":{"self":[{"href":"https:\/\/visionpeninsular.com\/mid\/wp-json\/wp\/v2\/posts\/8084"}],"collection":[{"href":"https:\/\/visionpeninsular.com\/mid\/wp-json\/wp\/v2\/posts"}],"about":[{"href":"https:\/\/visionpeninsular.com\/mid\/wp-json\/wp\/v2\/types\/post"}],"author":[{"embeddable":true,"href":"https:\/\/visionpeninsular.com\/mid\/wp-json\/wp\/v2\/users\/1"}],"replies":[{"embeddable":true,"href":"https:\/\/visionpeninsular.com\/mid\/wp-json\/wp\/v2\/comments?post=8084"}],"version-history":[{"count":1,"href":"https:\/\/visionpeninsular.com\/mid\/wp-json\/wp\/v2\/posts\/8084\/revisions"}],"predecessor-version":[{"id":8086,"href":"https:\/\/visionpeninsular.com\/mid\/wp-json\/wp\/v2\/posts\/8084\/revisions\/8086"}],"wp:featuredmedia":[{"embeddable":true,"href":"https:\/\/visionpeninsular.com\/mid\/wp-json\/wp\/v2\/media\/8085"}],"wp:attachment":[{"href":"https:\/\/visionpeninsular.com\/mid\/wp-json\/wp\/v2\/media?parent=8084"}],"wp:term":[{"taxonomy":"category","embeddable":true,"href":"https:\/\/visionpeninsular.com\/mid\/wp-json\/wp\/v2\/categories?post=8084"},{"taxonomy":"post_tag","embeddable":true,"href":"https:\/\/visionpeninsular.com\/mid\/wp-json\/wp\/v2\/tags?post=8084"}],"curies":[{"name":"wp","href":"https:\/\/api.w.org\/{rel}","templated":true}]}}