{"id":79906,"date":"2019-04-16T09:47:41","date_gmt":"2019-04-16T14:47:41","guid":{"rendered":"http:\/\/visionpeninsular.com\/mid\/?p=79906"},"modified":"2019-04-16T09:47:49","modified_gmt":"2019-04-16T14:47:49","slug":"denise-dresser-emula-lideres-autoritarios","status":"publish","type":"post","link":"https:\/\/visionpeninsular.com\/mid\/denise-dresser-emula-lideres-autoritarios\/","title":{"rendered":"Denise Dresser: Emula a l\u00edderes autoritarios"},"content":{"rendered":"\n<p>La prensa como pi\u00f1ata<\/p>\n\n\n\n<p>Denise Dresser (*)<\/p>\n\n\n\n<p>Publicado en Diario de Yucat\u00e1n<\/p>\n\n\n\n<p>Qu\u00e9 inquietante es escuchar al presidente de M\u00e9xico denostar\na la \u201cprensa fif\u00ed\u201d. Pocas cosas tan perturbadoras como presenciar la embestida,\nrepleta de adjetivos, llena de descalificaciones, donde emula a l\u00edderes\nautoritarios en cuya categor\u00eda no deber\u00eda estar. Pocas cosas tan desconcertantes\ncomo verlo mimetizar las peores pr\u00e1cticas de quienes necesitan identificar a\nenemigos malos y lanzar al pueblo bueno tras ellos. Al denostar al peri\u00f3dico\n\u201cReforma\u201d de manera consuetudinaria AMLO exhibe lo peor de su temperamento\npol\u00edtico. La necesidad de la confrontaci\u00f3n perpetua; el imperativo de la\nindignaci\u00f3n incesante; la propensi\u00f3n a la rijosidad pol\u00edticamente redituable\npero democr\u00e1ticamente contraproducente. Al descalificar a medios inc\u00f3modos,\nAMLO quiz\u00e1s gana algunos puntos pol\u00edticos, pero se da\u00f1a a s\u00ed mismo y al sistema\npol\u00edtico que quiere transformar. Muchos le aplauden por golpear a la pi\u00f1ata de\nla prensa sin entender qu\u00e9 pasar\u00eda si la rompe.<\/p>\n\n\n\n<p>L\u00f3pez Obrador da\u00f1a su credibilidad al mentir de manera tan\nabierta. Es falso que \u201cReforma\u201d haya tapado las cloacas de gobiernos pasados,\nhaya callado sobre la censura a Carmen Aristegui, haya guardado silencio sobre\nel saqueo sexenal. Basta con examinar las primeras planas desde su fundaci\u00f3n,\nlas m\u00faltiples investigaciones desde su creaci\u00f3n. Durante m\u00e1s de veinte a\u00f1os y\njunto con \u201cProceso\u201d y \u201cLa Jornada\u201d ha evidenciado la corrupci\u00f3n, ha desmenuzado\nlas pol\u00edticas p\u00fablicas, ha abierto sus p\u00e1ginas editoriales a la pluralidad del\npa\u00eds. El problema de \u201cReforma\u201d para para AMLO no es su conservadurismo, es su\ntalante opositor; no es su elitismo, es su \u00e1nimo auscultador; no es su\nnaturaleza \u201cfif\u00ed\u201d, es su vocaci\u00f3n independiente en tiempos donde el poder\npremia lo contrario. Por supuesto que \u201cReforma\u201d comete errores, como cualquier\notro medio, y como ha sido el caso con \u201cThe New York Times\u201d o \u201cDer Spiegel\u201d.\nDebe tener m\u00e1s cuidado. En esta era de \u201cfake news\u201d y bots y trolls, donde los\ndatos no importan y la verdad es elusiva, el periodismo debe ser m\u00e1s\nautoexigente y riguroso que nunca. \u201cReforma\u201d a veces sustituye la informaci\u00f3n\npor la editorializaci\u00f3n; a veces el sensacionalismo le gana a la sustancia; a\nveces el entretenimiento se impone sobre el entendimiento. Pero M\u00e9xico es mucho\nmejor por su existencia y su persistencia; por su compromiso con la tarea que\n\u2014seg\u00fan Orwell\u2014 le toca al periodismo. Publicar lo que algunos preferir\u00edan que\nno publicara. Decir lo que otros quisieran deso\u00edr. Hurgar, indagar, confrontar.\nContribuir a una discusi\u00f3n civil y productiva sobre la cosa p\u00fablica.<\/p>\n\n\n\n<p>Preocupa que AMLO muestre tanta animadversi\u00f3n a la prensa.\nConsterna que invierta tanta energ\u00eda y tiempo atac\u00e1ndola. Eso solo lo hacen los\nErdogan y los Putin y los Orban y los Maduro y los Trump y los Duterte. Eso\nsolo lo impulsan quienes requieren atizar el resentimiento y el enojo y la\ndivisi\u00f3n y la exclusi\u00f3n y la construcci\u00f3n del adversario para mantenerse en el\npoder. L\u00f3pez Obrador tiene todo para ser distinto a aquellos con quienes\ncomienzan a compararlo. Las peleas definitorias de su sexenio no deber\u00edan ser\ncontra \u201cReforma\u201d, sino contra la corrupci\u00f3n de Pe\u00f1a Nieto. No deber\u00edan ser\ncontra el periodismo \u201cfif\u00ed\u201d, sino contra el periodismo domesticado que todav\u00eda\nvive de la publicidad oficial, tan discrecional como siempre. No deber\u00edan ser\ncontra la libertad de expresi\u00f3n sino contra aquello que la coarta, empezando\npor las diatribas del propio Presidente. No deber\u00edan ser para que un peri\u00f3dico\nrevele sus fuentes, sino para que el periodismo pueda sobrevivir sin violencia.<\/p>\n\n\n\n<p>Cuando AMLO agrede a la prensa da permiso para que otros lo\nhagan tambi\u00e9n, como se lo ha reclamado \u201cArt\u00edculo 19\u201d. Cuando el Presidente\ndescalifica a un contrapeso lleva a que sus seguidores lo agredan de manera\ninmisericorde. Cuando exige \u201cderecho de r\u00e9plica\u201d lo hace desde el p\u00falpito m\u00e1s\npoderoso del pa\u00eds.Y cuando miente, socializa la mentira; la vuelve verdad\noficial. Como lo expres\u00f3 Jorge Ramos: \u201cllevo mucho tiempo trabajando\norgullosamente en Reforma y eso no es cierto\u201d. No es cierto que el peri\u00f3dico\nhaya sido comparsa de gobiernos anteriores y adversario del suyo. No es cierto\nque la prensa \u201cfif\u00ed\u201d sea \u201cenemigo del pueblo\u201d. La prensa sin adjetivos es amiga\ndel ciudadano deliberativo, informado y exigente. Tratarla como pi\u00f1ata personal\ndesmerece al Presidente, y exige la defensa por parte de quienes llevamos a\u00f1os\nescribiendo orgullosamente aqu\u00ed.\u2014 Ciudad de M\u00e9xico<\/p>\n\n\n\n<p>denise.dresser@mexicofirme.com<\/p>\n\n\n\n<p>Periodista<\/p>\n\n\n\n<p>Cuando el Presidente descalifica a un contrapeso lleva a que\nsus seguidores lo agredan de manera inmisericorde. Cuando exige \u2018derecho de\nr\u00e9plica\u2019 lo hace desde el p\u00falpito m\u00e1s poderoso del pa\u00eds\u2026<\/p>\n<div class='share-to-whatsapp-wrapper'><div class='share-on-whsp'>Share on: <\/div><a data-text='Denise Dresser: Emula a l\u00edderes autoritarios' data-link='https:\/\/visionpeninsular.com\/mid\/denise-dresser-emula-lideres-autoritarios\/' class='whatsapp-button whatsapp-share'>WhatsApp<\/a><div class='clear '><\/div><\/div>","protected":false},"excerpt":{"rendered":"<p>La prensa como pi\u00f1ata Denise Dresser (*) Publicado en Diario de Yucat\u00e1n Qu\u00e9 inquietante es escuchar al presidente de M\u00e9xico denostar a la \u201cprensa fif\u00ed\u201d. Pocas cosas tan perturbadoras como presenciar la embestida, repleta de adjetivos, llena de descalificaciones, donde emula a l\u00edderes autoritarios en cuya categor\u00eda no deber\u00eda estar. Pocas cosas tan desconcertantes como &hellip;<\/p>\n","protected":false},"author":5,"featured_media":79915,"comment_status":"open","ping_status":"open","sticky":false,"template":"","format":"standard","meta":{"_mi_skip_tracking":false},"categories":[44],"tags":[904,15653,15652],"_links":{"self":[{"href":"https:\/\/visionpeninsular.com\/mid\/wp-json\/wp\/v2\/posts\/79906"}],"collection":[{"href":"https:\/\/visionpeninsular.com\/mid\/wp-json\/wp\/v2\/posts"}],"about":[{"href":"https:\/\/visionpeninsular.com\/mid\/wp-json\/wp\/v2\/types\/post"}],"author":[{"embeddable":true,"href":"https:\/\/visionpeninsular.com\/mid\/wp-json\/wp\/v2\/users\/5"}],"replies":[{"embeddable":true,"href":"https:\/\/visionpeninsular.com\/mid\/wp-json\/wp\/v2\/comments?post=79906"}],"version-history":[{"count":1,"href":"https:\/\/visionpeninsular.com\/mid\/wp-json\/wp\/v2\/posts\/79906\/revisions"}],"predecessor-version":[{"id":79916,"href":"https:\/\/visionpeninsular.com\/mid\/wp-json\/wp\/v2\/posts\/79906\/revisions\/79916"}],"wp:featuredmedia":[{"embeddable":true,"href":"https:\/\/visionpeninsular.com\/mid\/wp-json\/wp\/v2\/media\/79915"}],"wp:attachment":[{"href":"https:\/\/visionpeninsular.com\/mid\/wp-json\/wp\/v2\/media?parent=79906"}],"wp:term":[{"taxonomy":"category","embeddable":true,"href":"https:\/\/visionpeninsular.com\/mid\/wp-json\/wp\/v2\/categories?post=79906"},{"taxonomy":"post_tag","embeddable":true,"href":"https:\/\/visionpeninsular.com\/mid\/wp-json\/wp\/v2\/tags?post=79906"}],"curies":[{"name":"wp","href":"https:\/\/api.w.org\/{rel}","templated":true}]}}