{"id":79763,"date":"2019-04-15T22:21:27","date_gmt":"2019-04-16T03:21:27","guid":{"rendered":"http:\/\/visionpeninsular.com\/mid\/?p=79763"},"modified":"2019-04-15T22:35:31","modified_gmt":"2019-04-16T03:35:31","slug":"impactante-fuego-en-notre-dame-ocasiona-severos-danos-iconica-catedral","status":"publish","type":"post","link":"https:\/\/visionpeninsular.com\/mid\/impactante-fuego-en-notre-dame-ocasiona-severos-danos-iconica-catedral\/","title":{"rendered":"Impactante fuego en Notre Dame ocasiona severos da\u00f1os a ic\u00f3nica catedral"},"content":{"rendered":"\n<p>Este lunes trascendio un brutal incendio en la iconica catedral de Notre Dame en Par\u00eds, cuyo saldo fue un bombero herido y la aguja desplomada sobre el suelo.<\/p>\n\n\n\n<p>Intensas llamas y humo rodearon la aguja superior de la catedral, ocasionando que primero se fuera de lado para luego caerse sobre el guego en llamas.<\/p>\n\n\n\n<figure class=\"wp-block-image\"><img loading=\"lazy\" width=\"900\" height=\"1200\" src=\"https:\/\/i2.wp.com\/visionpeninsular.com\/mid\/wp-content\/uploads\/2019\/04\/IMG-20190415-WA0060.jpg?fit=618%2C824\" alt=\"\" class=\"wp-image-79818\" srcset=\"https:\/\/visionpeninsular.com\/mid\/wp-content\/uploads\/2019\/04\/IMG-20190415-WA0060.jpg 900w, https:\/\/visionpeninsular.com\/mid\/wp-content\/uploads\/2019\/04\/IMG-20190415-WA0060-225x300.jpg 225w, https:\/\/visionpeninsular.com\/mid\/wp-content\/uploads\/2019\/04\/IMG-20190415-WA0060-768x1024.jpg 768w\" sizes=\"(max-width: 900px) 100vw, 900px\" \/><\/figure>\n\n\n\n<p>El fuego se propag\u00f3 sobre la conocida catedral ante la espectacion de decenas de parisinos y visitantes, que admiraron como pese al conato de fuego la fachada y las torres principales se mantienen en pie.<\/p>\n\n\n\n<p>La iconica c\u00e1tedra con m\u00e1s de 850 a\u00f1os fue socorrida por 400 bomberos movilizados, logrando rescatar piezas importantes, adem\u00e1s de confirmar quese quem\u00f3 el techo pero las b\u00f3vedas internas de piedra se protegieron, evidenciando que no todo qued\u00f3 perdido. <br><\/p>\n\n\n\n<figure class=\"wp-block-image\"><img loading=\"lazy\" width=\"800\" height=\"533\" src=\"http:\/\/visionpeninsular.com\/mid\/wp-content\/uploads\/2019\/04\/IMG-20190415-WA0061.jpg\" alt=\"\" class=\"wp-image-79796\" srcset=\"https:\/\/visionpeninsular.com\/mid\/wp-content\/uploads\/2019\/04\/IMG-20190415-WA0061.jpg 800w, https:\/\/visionpeninsular.com\/mid\/wp-content\/uploads\/2019\/04\/IMG-20190415-WA0061-300x200.jpg 300w, https:\/\/visionpeninsular.com\/mid\/wp-content\/uploads\/2019\/04\/IMG-20190415-WA0061-768x512.jpg 768w\" sizes=\"(max-width: 800px) 100vw, 800px\" \/><\/figure>\n\n\n\n<p>Y aunque las autoridades no han brindado un informe oficial sobre el origen de fuego si se dijo que ya se ha iniciado una investigaci\u00f3n sobre el incidente. <\/p>\n<div class='share-to-whatsapp-wrapper'><div class='share-on-whsp'>Share on: <\/div><a data-text='Impactante fuego en Notre Dame ocasiona severos da\u00f1os a ic\u00f3nica catedral' data-link='https:\/\/visionpeninsular.com\/mid\/impactante-fuego-en-notre-dame-ocasiona-severos-danos-iconica-catedral\/' class='whatsapp-button whatsapp-share'>WhatsApp<\/a><div class='clear '><\/div><\/div>","protected":false},"excerpt":{"rendered":"<p>Este lunes trascendio un brutal incendio en la iconica catedral de Notre Dame en Par\u00eds, cuyo saldo fue un bombero herido y la aguja desplomada sobre el suelo. Intensas llamas y humo rodearon la aguja superior de la catedral, ocasionando que primero se fuera de lado para luego caerse sobre el guego en llamas. El &hellip;<\/p>\n","protected":false},"author":1,"featured_media":79821,"comment_status":"open","ping_status":"open","sticky":false,"template":"","format":"standard","meta":{"_mi_skip_tracking":false},"categories":[50],"tags":[4450,265,1003],"_links":{"self":[{"href":"https:\/\/visionpeninsular.com\/mid\/wp-json\/wp\/v2\/posts\/79763"}],"collection":[{"href":"https:\/\/visionpeninsular.com\/mid\/wp-json\/wp\/v2\/posts"}],"about":[{"href":"https:\/\/visionpeninsular.com\/mid\/wp-json\/wp\/v2\/types\/post"}],"author":[{"embeddable":true,"href":"https:\/\/visionpeninsular.com\/mid\/wp-json\/wp\/v2\/users\/1"}],"replies":[{"embeddable":true,"href":"https:\/\/visionpeninsular.com\/mid\/wp-json\/wp\/v2\/comments?post=79763"}],"version-history":[{"count":3,"href":"https:\/\/visionpeninsular.com\/mid\/wp-json\/wp\/v2\/posts\/79763\/revisions"}],"predecessor-version":[{"id":79819,"href":"https:\/\/visionpeninsular.com\/mid\/wp-json\/wp\/v2\/posts\/79763\/revisions\/79819"}],"wp:featuredmedia":[{"embeddable":true,"href":"https:\/\/visionpeninsular.com\/mid\/wp-json\/wp\/v2\/media\/79821"}],"wp:attachment":[{"href":"https:\/\/visionpeninsular.com\/mid\/wp-json\/wp\/v2\/media?parent=79763"}],"wp:term":[{"taxonomy":"category","embeddable":true,"href":"https:\/\/visionpeninsular.com\/mid\/wp-json\/wp\/v2\/categories?post=79763"},{"taxonomy":"post_tag","embeddable":true,"href":"https:\/\/visionpeninsular.com\/mid\/wp-json\/wp\/v2\/tags?post=79763"}],"curies":[{"name":"wp","href":"https:\/\/api.w.org\/{rel}","templated":true}]}}