{"id":7971,"date":"2016-07-19T08:39:50","date_gmt":"2016-07-19T13:39:50","guid":{"rendered":"http:\/\/visionpeninsular.com\/mid\/?p=7971"},"modified":"2016-07-19T08:39:50","modified_gmt":"2016-07-19T13:39:50","slug":"destaca-semarnat-objetivos-de-la-cop13-en-materia-forestal","status":"publish","type":"post","link":"https:\/\/visionpeninsular.com\/mid\/destaca-semarnat-objetivos-de-la-cop13-en-materia-forestal\/","title":{"rendered":"Destaca SEMARNAT objetivos de la COP13 en materia forestal"},"content":{"rendered":"<p>El secretario de Medio Ambiente y Recursos Naturales, Rafael Pacchiano Alam\u00e1n asiste a la 23\u00aa reuni\u00f3n del Comit\u00e9 Forestal (COFO) de la Organizaci\u00f3n de las Naciones Unidas para la Alimentaci\u00f3n y la Agricultura (FAO), en donde se re\u00fanen los responsables de los servicios forestales y altos funcionarios gubernamentales con el fin de examinar el modo en que los bosques y la ordenaci\u00f3n forestal sostenible pueden contribuir a la consecuci\u00f3n de los objetivos mundiales de desarrollo.<\/p>\n<p>Durante la inauguraci\u00f3n, Pacchiano Alam\u00e1n hizo una presentaci\u00f3n, ante representantes de los 194 pa\u00edses miembros de la FAO, de organismos internacionales y organizaciones no gubernamentales, sobre la Decimotercera Reuni\u00f3n de la Conferencia de las Partes (COP 13) del Convenio sobre la Diversidad Biol\u00f3gica que, bajo el lema \u201cintegrando la biodiversidad para el bienestar\u201d se realizar\u00e1 en Canc\u00fan, Quintana Roo, a finales de este a\u00f1o.<\/p>\n<p>Se\u00f1al\u00f3 que \u201cla COP 13 ser\u00e1 una oportunidad para reconocer el papel integral de la biodiversidad en el funcionamiento de los ecosistemas forestales y tomar medidas urgentes para disminuir su p\u00e9rdida y promover su uso sustentable mediante estrategias de mitigaci\u00f3n y adaptaci\u00f3n al cambio clim\u00e1tico, desarrollo de pr\u00e1cticas silv\u00edcolas sustentables y fomento de incentivos para la conservaci\u00f3n y uso sustentable de los recursos forestales\u201d.<\/p>\n<p>El titular de la SEMARNAT indic\u00f3 que en los d\u00edas previos a la inauguraci\u00f3n de la COP13 se llevar\u00e1 a cabo el Segmento de Alto Nivel, \u201cdonde por primera vez en la historia de este foro internacional, estamos invitando, junto con los ministros de Medio Ambiente, a los ministros reponsales de las carteras de los cuatro sectores fundamentales para la conservaci\u00f3n y uso sustentable de la biodiversidad: agr\u00edcola, forestal, pesquero y tur\u00edstico\u201d.<\/p>\n<p>Destac\u00f3 que \u201cpara lograr una reuni\u00f3n exitosa en Canc\u00fan, es fundamental la voluntad pol\u00edtica y la colaboraci\u00f3n de todos ustedes, de los pueblos ind\u00edgenas y comunidades locales, academia, sociedad civil, sector privado y gobiernos nacionales y locales\u201d.<\/p>\n<p>Agreg\u00f3 que el camino hacia la COP 13 incluye diversas reuniones nacionales e internacionales que est\u00e1n preparando insumos para las decisiones que ser\u00e1n adoptadas por la COP. \u201cUn ejemplo de ellas es esta reuni\u00f3n de COFO, donde reconocemos ampliamente el trabajo tan importante que realiza la FAO, de manera espec\u00edfica, en el sector forestal\u201d.<\/p>\n<p>Posteriormente, Pacchiano Alam\u00e1n se reuni\u00f3 con Jos\u00e9 Graziano da Silva, director general de la FAO, con quien coment\u00f3 los esfuerzos de M\u00e9xico en el cuidado de los bosques y el potencial con que cuenta para las plantaciones forestales comerciales.<\/p>\n<p>Boletin<\/p>\n<div class='share-to-whatsapp-wrapper'><div class='share-on-whsp'>Share on: <\/div><a data-text='Destaca SEMARNAT objetivos de la COP13 en materia forestal' data-link='https:\/\/visionpeninsular.com\/mid\/destaca-semarnat-objetivos-de-la-cop13-en-materia-forestal\/' class='whatsapp-button whatsapp-share'>WhatsApp<\/a><div class='clear '><\/div><\/div>","protected":false},"excerpt":{"rendered":"<p>El secretario de Medio Ambiente y Recursos Naturales, Rafael Pacchiano Alam\u00e1n asiste a la 23\u00aa reuni\u00f3n del Comit\u00e9 Forestal (COFO) de la Organizaci\u00f3n de las Naciones Unidas para la Alimentaci\u00f3n y la Agricultura (FAO), en donde se re\u00fanen los responsables de los servicios forestales y altos funcionarios gubernamentales con el fin de examinar el modo &hellip;<\/p>\n","protected":false},"author":1,"featured_media":7972,"comment_status":"open","ping_status":"open","sticky":false,"template":"","format":"standard","meta":{"_mi_skip_tracking":false},"categories":[50],"tags":[1248,379],"_links":{"self":[{"href":"https:\/\/visionpeninsular.com\/mid\/wp-json\/wp\/v2\/posts\/7971"}],"collection":[{"href":"https:\/\/visionpeninsular.com\/mid\/wp-json\/wp\/v2\/posts"}],"about":[{"href":"https:\/\/visionpeninsular.com\/mid\/wp-json\/wp\/v2\/types\/post"}],"author":[{"embeddable":true,"href":"https:\/\/visionpeninsular.com\/mid\/wp-json\/wp\/v2\/users\/1"}],"replies":[{"embeddable":true,"href":"https:\/\/visionpeninsular.com\/mid\/wp-json\/wp\/v2\/comments?post=7971"}],"version-history":[{"count":1,"href":"https:\/\/visionpeninsular.com\/mid\/wp-json\/wp\/v2\/posts\/7971\/revisions"}],"predecessor-version":[{"id":7973,"href":"https:\/\/visionpeninsular.com\/mid\/wp-json\/wp\/v2\/posts\/7971\/revisions\/7973"}],"wp:featuredmedia":[{"embeddable":true,"href":"https:\/\/visionpeninsular.com\/mid\/wp-json\/wp\/v2\/media\/7972"}],"wp:attachment":[{"href":"https:\/\/visionpeninsular.com\/mid\/wp-json\/wp\/v2\/media?parent=7971"}],"wp:term":[{"taxonomy":"category","embeddable":true,"href":"https:\/\/visionpeninsular.com\/mid\/wp-json\/wp\/v2\/categories?post=7971"},{"taxonomy":"post_tag","embeddable":true,"href":"https:\/\/visionpeninsular.com\/mid\/wp-json\/wp\/v2\/tags?post=7971"}],"curies":[{"name":"wp","href":"https:\/\/api.w.org\/{rel}","templated":true}]}}