{"id":7968,"date":"2016-07-19T08:37:47","date_gmt":"2016-07-19T13:37:47","guid":{"rendered":"http:\/\/visionpeninsular.com\/mid\/?p=7968"},"modified":"2016-07-19T08:37:47","modified_gmt":"2016-07-19T13:37:47","slug":"culmina-con-exito-participacion-de-mexico-en-sesion-del-comite-de-pesca-de-la-fao","status":"publish","type":"post","link":"https:\/\/visionpeninsular.com\/mid\/culmina-con-exito-participacion-de-mexico-en-sesion-del-comite-de-pesca-de-la-fao\/","title":{"rendered":"Culmina con \u00e9xito participaci\u00f3n de M\u00e9xico en Sesi\u00f3n del Comit\u00e9 de Pesca de la FAO"},"content":{"rendered":"<p>Con un balance positivo para M\u00e9xico, culmin\u00f3 la participaci\u00f3n de la delegaci\u00f3n mexicana encabezada por el Comisionado Nacional de Pesca, Mario Aguilar S\u00e1nchez, en los trabajos de la Sesi\u00f3n del Comit\u00e9 de Pesca (COFI, por sus siglas en ingl\u00e9s) de la Organizaci\u00f3n de las Naciones Unidas para la Alimentaci\u00f3n y la Agricultura (FAO) que se llev\u00f3 a cabo en Roma, Italia, del 12 al 14 de julio.<\/p>\n<p>El Comit\u00e9 de Pesca es el \u00fanico foro mundial intergubernamental en el que se examinan las principales cuestiones y problemas internacionales de la pesca y la acuacultura, y se formulan recomendaciones para los gobiernos, las organizaciones regionales de pesca, las organizaciones no gubernamentales, los pescadores y la comunidad internacional. El organismo cuenta con 139 pa\u00edses miembros y sesiona cada dos a\u00f1os.<\/p>\n<p>En el marco de dicha reuni\u00f3n, el titular de la Comisi\u00f3n Nacional de Acuacultura y Pesca (CONAPESCA), Mario Aguilar S\u00e1nchez, plante\u00f3 la necesidad de que el Comit\u00e9 de Pesca de la FAO analice a profundidad y evite que las certificaciones y ecoetiquetados se conviertan en barreras que frenan el comercio pesquero.<\/p>\n<p>Ante m\u00e1s de 500 representantes de diversos pa\u00edses, espec\u00edficamente propuso que se apliquen las Directrices para el Ecoetiquetado de Pescado y Productos  Pesqueros de la Pesca de Captura Marina de la FAO.<\/p>\n<p>\u201cEstimamos que el Comit\u00e9 debe abordar con m\u00e1s profundidad el tema de las certificaciones y ecoetiquetados, pues es claro que \u00e9stas constituyen cada vez m\u00e1s mecanismos que facilitan u obstaculizan el comercio pesquero entre los pa\u00edses\u201d, expres\u00f3 Aguilar S\u00e1nchez durante su intervenci\u00f3n en los trabajos del COFI.<\/p>\n<p>\u201cLo sensible del caso\u201d, recalc\u00f3, \u201ces que algunas de esas certificaciones y ecoetiquetados se establecen u otorgan con criterios ajenos o sumamente deficientes desde el punto de vista cient\u00edfico y metodol\u00f3gico\u201d.<\/p>\n<p>Reconoce FAO pol\u00edtica de fomento al consumo<\/p>\n<p>En este importante foro, el comisionado Aguilar S\u00e1nchez present\u00f3 las campa\u00f1as que desarrolla la CONAPESCA para el fomento del consumo de pescados y mariscos, que a la fecha han permitido incrementar durante los \u00faltimos tres a\u00f1os en 3.1 kilogramos la ingesta de pescado y marisco en M\u00e9xico.<\/p>\n<p>El subdirector general de Pesca y Acuacultura de la FAO, \u00c1rni M. Mathiesen, expres\u00f3 su reconocimiento al gobierno de M\u00e9xico por lo que calific\u00f3 como una \u201cpol\u00edtica inteligente de fomento al consumo\u201d.<\/p>\n<p>Subray\u00f3 que en esa estrategia desplegada por la CONAPESCA ha sido muy positivo destacar las bondades que aporta el pescado en la dieta de personas de diferentes edades, ya que proporciona indiscutibles beneficios a la salud, y esa promoci\u00f3n deriv\u00f3 en la respuesta favorable de la gente que ahora consume m\u00e1s que en a\u00f1os anteriores.<\/p>\n<p>El reconocimiento fue realizado por el Sr. Mathiesen una vez concluido el evento especial presentado por M\u00e9xico, en donde ante cerca de 100 asistentes, el comisionado Mario Aguilar S\u00e1nchez expuso las pol\u00edticas p\u00fablicas instrumentadas para promover el fomento de productos pesqueros.<\/p>\n<p>Boletin<\/p>\n<div class='share-to-whatsapp-wrapper'><div class='share-on-whsp'>Share on: <\/div><a data-text='Culmina con \u00e9xito participaci\u00f3n de M\u00e9xico en Sesi\u00f3n del Comit\u00e9 de Pesca de la FAO' data-link='https:\/\/visionpeninsular.com\/mid\/culmina-con-exito-participacion-de-mexico-en-sesion-del-comite-de-pesca-de-la-fao\/' class='whatsapp-button whatsapp-share'>WhatsApp<\/a><div class='clear '><\/div><\/div>","protected":false},"excerpt":{"rendered":"<p>Con un balance positivo para M\u00e9xico, culmin\u00f3 la participaci\u00f3n de la delegaci\u00f3n mexicana encabezada por el Comisionado Nacional de Pesca, Mario Aguilar S\u00e1nchez, en los trabajos de la Sesi\u00f3n del Comit\u00e9 de Pesca (COFI, por sus siglas en ingl\u00e9s) de la Organizaci\u00f3n de las Naciones Unidas para la Alimentaci\u00f3n y la Agricultura (FAO) que se &hellip;<\/p>\n","protected":false},"author":1,"featured_media":7969,"comment_status":"open","ping_status":"open","sticky":false,"template":"","format":"standard","meta":{"_mi_skip_tracking":false},"categories":[50],"tags":[202,1248],"_links":{"self":[{"href":"https:\/\/visionpeninsular.com\/mid\/wp-json\/wp\/v2\/posts\/7968"}],"collection":[{"href":"https:\/\/visionpeninsular.com\/mid\/wp-json\/wp\/v2\/posts"}],"about":[{"href":"https:\/\/visionpeninsular.com\/mid\/wp-json\/wp\/v2\/types\/post"}],"author":[{"embeddable":true,"href":"https:\/\/visionpeninsular.com\/mid\/wp-json\/wp\/v2\/users\/1"}],"replies":[{"embeddable":true,"href":"https:\/\/visionpeninsular.com\/mid\/wp-json\/wp\/v2\/comments?post=7968"}],"version-history":[{"count":1,"href":"https:\/\/visionpeninsular.com\/mid\/wp-json\/wp\/v2\/posts\/7968\/revisions"}],"predecessor-version":[{"id":7970,"href":"https:\/\/visionpeninsular.com\/mid\/wp-json\/wp\/v2\/posts\/7968\/revisions\/7970"}],"wp:featuredmedia":[{"embeddable":true,"href":"https:\/\/visionpeninsular.com\/mid\/wp-json\/wp\/v2\/media\/7969"}],"wp:attachment":[{"href":"https:\/\/visionpeninsular.com\/mid\/wp-json\/wp\/v2\/media?parent=7968"}],"wp:term":[{"taxonomy":"category","embeddable":true,"href":"https:\/\/visionpeninsular.com\/mid\/wp-json\/wp\/v2\/categories?post=7968"},{"taxonomy":"post_tag","embeddable":true,"href":"https:\/\/visionpeninsular.com\/mid\/wp-json\/wp\/v2\/tags?post=7968"}],"curies":[{"name":"wp","href":"https:\/\/api.w.org\/{rel}","templated":true}]}}