{"id":79442,"date":"2019-04-13T09:46:16","date_gmt":"2019-04-13T14:46:16","guid":{"rendered":"http:\/\/visionpeninsular.com\/mid\/?p=79442"},"modified":"2019-04-13T09:46:38","modified_gmt":"2019-04-13T14:46:38","slug":"marcelo-ebrard-dice-que-hay-interes-norteamericano-en-tren-maya","status":"publish","type":"post","link":"https:\/\/visionpeninsular.com\/mid\/marcelo-ebrard-dice-que-hay-interes-norteamericano-en-tren-maya\/","title":{"rendered":"Marcelo Ebrard dice que hay inter\u00e9s norteamericano en Tren Maya"},"content":{"rendered":"\n<p>El secretario de Relaciones Exteriores (SRE), Marcelo\nEbrard, asegur\u00f3 que el Tren Maya Peninsular fue el proyecto que m\u00e1s inter\u00e9s\ncaus\u00f3 a inversionistas de Estados Unidos, por lo que adelant\u00f3 que el pr\u00f3ximo\nmes se efectuar\u00e1 una reuni\u00f3n para detallar este proyecto.<\/p>\n\n\n\n<p>El funcionario federal precis\u00f3 que, en breve, representantes\ndel gobierno mexicano viajar\u00e1n a Estados Unidos para presentar el proyecto que\nse plante\u00f3 para la actual administraci\u00f3n.<\/p>\n\n\n\n<p>\u201cEstamos invitados a una reuni\u00f3n en mayo para presentar el\nproyecto de primera mano, pues hay inter\u00e9s de por medio. Tambi\u00e9n est\u00e1 el tema\ndel acceso a internet con fibra \u00f3ptica y sat\u00e9lites\u201d, dijo.<\/p>\n\n\n\n<p>Asimismo, asegur\u00f3 que la reuni\u00f3n &nbsp;fue un \u00e9xito, pues mencion\u00f3 que tambi\u00e9n se\nmantiene estable la relaci\u00f3n entre los dos pa\u00edses; se\u00f1al\u00f3 que tambi\u00e9n por\nprimera vez se reconoci\u00f3 que el n\u00famero de mexicanos con visas de Estados Unidos\nes superior al de deportados, pues hoy hay 242 mil con visa y 200 mil\nreportados, aunque dijo que esta cifra sigue bajando.<\/p>\n\n\n\n<p>Tambi\u00e9n dijo que el Tratado de libre Comercio, el llamado\nTMec, el gobierno federal ya hizo sus reformas de car\u00e1cter laboral, lo que\ncoincide con lo que se hab\u00eda acordado con Estados Unidos por lo que se espera\nque breve pueda firmarse el acuerdo.<\/p>\n\n\n\n<p>\u201cEsa aprobaci\u00f3n hace que pr\u00e1cticamente estemos listos para\niniciar el proceso ante el Congreso con todos los acuerdos. Estamos optimistas.\nEn Estados Unidos est\u00e1n pensando que apartir que la \u00faltima semana se abril se\ninicie un proceso en las c\u00e1maras, aunque de eso depender\u00e1 el esfuerzo del\npartido Dem\u00f3crata\u201d, coment\u00f3.<\/p>\n\n\n\n<p>Aunque el tema del muro fronterizo no se trat\u00f3, mencion\u00f3 que\nlo que se dijo es que no haya obst\u00e1culos para la inversi\u00f3n entre ambos pa\u00edses.<\/p>\n\n\n\n<p>\u201cSe hizo una propuesta para invertir en la frontera para\nfacilitar un intercambio ordenado. Se manifest\u00f3 que se estar\u00eda en contra de un\ncierre de la frontera. Los representantes del gobierno no prev\u00e9n que haya un\ncierre\u201d, apunt\u00f3.<\/p>\n<div class='share-to-whatsapp-wrapper'><div class='share-on-whsp'>Share on: <\/div><a data-text='Marcelo Ebrard dice que hay inter\u00e9s norteamericano en Tren Maya' data-link='https:\/\/visionpeninsular.com\/mid\/marcelo-ebrard-dice-que-hay-interes-norteamericano-en-tren-maya\/' class='whatsapp-button whatsapp-share'>WhatsApp<\/a><div class='clear '><\/div><\/div>","protected":false},"excerpt":{"rendered":"<p>El secretario de Relaciones Exteriores (SRE), Marcelo Ebrard, asegur\u00f3 que el Tren Maya Peninsular fue el proyecto que m\u00e1s inter\u00e9s caus\u00f3 a inversionistas de Estados Unidos, por lo que adelant\u00f3 que el pr\u00f3ximo mes se efectuar\u00e1 una reuni\u00f3n para detallar este proyecto. El funcionario federal precis\u00f3 que, en breve, representantes del gobierno mexicano viajar\u00e1n a &hellip;<\/p>\n","protected":false},"author":5,"featured_media":79447,"comment_status":"open","ping_status":"open","sticky":false,"template":"","format":"standard","meta":{"_mi_skip_tracking":false},"categories":[50,37],"tags":[15607,15608,2451,11798],"_links":{"self":[{"href":"https:\/\/visionpeninsular.com\/mid\/wp-json\/wp\/v2\/posts\/79442"}],"collection":[{"href":"https:\/\/visionpeninsular.com\/mid\/wp-json\/wp\/v2\/posts"}],"about":[{"href":"https:\/\/visionpeninsular.com\/mid\/wp-json\/wp\/v2\/types\/post"}],"author":[{"embeddable":true,"href":"https:\/\/visionpeninsular.com\/mid\/wp-json\/wp\/v2\/users\/5"}],"replies":[{"embeddable":true,"href":"https:\/\/visionpeninsular.com\/mid\/wp-json\/wp\/v2\/comments?post=79442"}],"version-history":[{"count":1,"href":"https:\/\/visionpeninsular.com\/mid\/wp-json\/wp\/v2\/posts\/79442\/revisions"}],"predecessor-version":[{"id":79448,"href":"https:\/\/visionpeninsular.com\/mid\/wp-json\/wp\/v2\/posts\/79442\/revisions\/79448"}],"wp:featuredmedia":[{"embeddable":true,"href":"https:\/\/visionpeninsular.com\/mid\/wp-json\/wp\/v2\/media\/79447"}],"wp:attachment":[{"href":"https:\/\/visionpeninsular.com\/mid\/wp-json\/wp\/v2\/media?parent=79442"}],"wp:term":[{"taxonomy":"category","embeddable":true,"href":"https:\/\/visionpeninsular.com\/mid\/wp-json\/wp\/v2\/categories?post=79442"},{"taxonomy":"post_tag","embeddable":true,"href":"https:\/\/visionpeninsular.com\/mid\/wp-json\/wp\/v2\/tags?post=79442"}],"curies":[{"name":"wp","href":"https:\/\/api.w.org\/{rel}","templated":true}]}}