{"id":7911,"date":"2016-07-18T08:38:32","date_gmt":"2016-07-18T13:38:32","guid":{"rendered":"http:\/\/visionpeninsular.com\/mid\/?p=7911"},"modified":"2016-07-18T08:38:32","modified_gmt":"2016-07-18T13:38:32","slug":"inegi-pierde-credibilidad-al-presentar-cifras-maquilladas-sobre-la-pobreza-en-mexico-senadores","status":"publish","type":"post","link":"https:\/\/visionpeninsular.com\/mid\/inegi-pierde-credibilidad-al-presentar-cifras-maquilladas-sobre-la-pobreza-en-mexico-senadores\/","title":{"rendered":"INEGI pierde credibilidad al presentar cifras &#8220;maquilladas&#8221; sobre la pobreza en M\u00e9xico: Senadores"},"content":{"rendered":"<p>Despu\u00e9s de que el Instituto Nacional de Estad\u00edstica y Geograf\u00eda (INEGI) hiciera cambios en las variables para medir la pobreza en M\u00e9xico, acto que denunci\u00f3 el Consejo Nacional de Evaluaci\u00f3n de la Pol\u00edtica de Desarrollo Social (CONEVAL) por cambios en el M\u00f3dulo de Condiciones Socioecon\u00f3micas 2015, pese al convenio entre ambas instituciones de colaboraci\u00f3n. <\/p>\n<p>Ahora los Senadores del PAN, as\u00ed como otros inconformes se\u00f1alaran que la credibilidad del INEGI ha quedado en duda al presentar cifras &#8220;maqilladas&#8221; donde la pobreza en el Pa\u00eds va disminuyendo.<\/p>\n<p>Al respecto, Fernando Herrera \u00c1vila, Coordinador de Senadores por el PAN refiri\u00f3: &#8220;El gobierno del presidente Enrique Pe\u00f1a Nieto no puede acabar con la pobreza del pa\u00eds por decreto ni con informaci\u00f3n maquillada sobre ingresos de los mexicanos, como lo hizo el Instituto Nacional de Estad\u00edstica y Geograf\u00eda (INEGI) al alterar las mediciones correspondientes a 2015&#8221;<\/p>\n<p>Esto al acusar, que el INEGI se presto a los decesos de la Administraci\u00f3n Federal para presumir de un avance en el combate de la pobreza que sufren millones de mexicanos, esto presuntamente al manipular las encuestas efectuadas en los hogares. <\/p>\n<p>Cabe mencionar que por su parte, la INEGI p\u00fablico en su p\u00e1gina oficial, el &#8220;M\u00f3dulo de Condiciones Socioecon\u00f3micas&#8221; como parte de la Encuesta Nacional de Ingresos y Gastos en los Hogares, esto como si fuera un trabajo conjunto con el CONEVAL.<\/p>\n<p>Hecho que provoco que el 15 de julio, el CONEVAL denunciara los cambios efectuados en citado M\u00f3dulo sobre la medici\u00f3n de pobreza en el Pa\u00eds, incluso se menciono que el INEGI habr\u00eda hecho cambios en la medici\u00f3n de violencia y sobre encuestas electorales, tal como fueron acusados desde el periodo de votaciones del pasado 05 de junio.<\/p>\n<p>El Senador Panista refiri\u00f3 que tras estos datos proporcionados por el INEGI, que no pueden ser tomados como reales, las pol\u00edticas p\u00fablicas en materia de seguridad social y en atenci\u00f3n a las familias tambi\u00e9n son puestas en duda, ya que no puede analizarse su viabilidad conforme a cifras que no son reales. <\/p>\n<p>&#8220;La medici\u00f3n de los ingresos debe ser un ejercicio transparente, basada en s\u00f3lidos criterios cient\u00edficos, ajenos a intereses pol\u00edticos, y que d\u00e9 certeza a los mexicanos sobre nuestra realidad nacional, por cruda que \u00e9sta sea&#8221;, concluy\u00f3. <\/p>\n<div class='share-to-whatsapp-wrapper'><div class='share-on-whsp'>Share on: <\/div><a data-text='INEGI pierde credibilidad al presentar cifras \"maquilladas\" sobre la pobreza en M\u00e9xico: Senadores' data-link='https:\/\/visionpeninsular.com\/mid\/inegi-pierde-credibilidad-al-presentar-cifras-maquilladas-sobre-la-pobreza-en-mexico-senadores\/' class='whatsapp-button whatsapp-share'>WhatsApp<\/a><div class='clear '><\/div><\/div>","protected":false},"excerpt":{"rendered":"<p>Despu\u00e9s de que el Instituto Nacional de Estad\u00edstica y Geograf\u00eda (INEGI) hiciera cambios en las variables para medir la pobreza en M\u00e9xico, acto que denunci\u00f3 el Consejo Nacional de Evaluaci\u00f3n de la Pol\u00edtica de Desarrollo Social (CONEVAL) por cambios en el M\u00f3dulo de Condiciones Socioecon\u00f3micas 2015, pese al convenio entre ambas instituciones de colaboraci\u00f3n. Ahora &hellip;<\/p>\n","protected":false},"author":1,"featured_media":0,"comment_status":"open","ping_status":"open","sticky":false,"template":"","format":"standard","meta":{"_mi_skip_tracking":false},"categories":[49],"tags":[1641,1487,157,201],"_links":{"self":[{"href":"https:\/\/visionpeninsular.com\/mid\/wp-json\/wp\/v2\/posts\/7911"}],"collection":[{"href":"https:\/\/visionpeninsular.com\/mid\/wp-json\/wp\/v2\/posts"}],"about":[{"href":"https:\/\/visionpeninsular.com\/mid\/wp-json\/wp\/v2\/types\/post"}],"author":[{"embeddable":true,"href":"https:\/\/visionpeninsular.com\/mid\/wp-json\/wp\/v2\/users\/1"}],"replies":[{"embeddable":true,"href":"https:\/\/visionpeninsular.com\/mid\/wp-json\/wp\/v2\/comments?post=7911"}],"version-history":[{"count":1,"href":"https:\/\/visionpeninsular.com\/mid\/wp-json\/wp\/v2\/posts\/7911\/revisions"}],"predecessor-version":[{"id":7912,"href":"https:\/\/visionpeninsular.com\/mid\/wp-json\/wp\/v2\/posts\/7911\/revisions\/7912"}],"wp:attachment":[{"href":"https:\/\/visionpeninsular.com\/mid\/wp-json\/wp\/v2\/media?parent=7911"}],"wp:term":[{"taxonomy":"category","embeddable":true,"href":"https:\/\/visionpeninsular.com\/mid\/wp-json\/wp\/v2\/categories?post=7911"},{"taxonomy":"post_tag","embeddable":true,"href":"https:\/\/visionpeninsular.com\/mid\/wp-json\/wp\/v2\/tags?post=7911"}],"curies":[{"name":"wp","href":"https:\/\/api.w.org\/{rel}","templated":true}]}}