{"id":788,"date":"2016-01-27T08:41:45","date_gmt":"2016-01-27T14:41:45","guid":{"rendered":"http:\/\/visionpeninsular.com\/mid\/?p=788"},"modified":"2016-01-27T08:41:45","modified_gmt":"2016-01-27T14:41:45","slug":"conafor-analizara-23-proyectos-forestales-sustentables-para-desarrollar-en-el-estado","status":"publish","type":"post","link":"https:\/\/visionpeninsular.com\/mid\/conafor-analizara-23-proyectos-forestales-sustentables-para-desarrollar-en-el-estado\/","title":{"rendered":"CONAFOR analizara 23 proyectos forestales sustentables para desarrollar en el Estado"},"content":{"rendered":"<p>Catorce organizaciones presentaron 23 proyectos de desarrollo forestal sustentable con alcance regional en Quintana Roo, inform\u00f3 la gerencia de la Comisi\u00f3n Nacional Forestal (CONAFOR) de la Entidad. <\/p>\n<p>Y es que con el objetivo de impulsar y fortalecer a las organizaciones sociales del ramo forestal, la dependencia puso en marcha la recepci\u00f3n de solicitudes para el Programa de Fomento a la Organizaci\u00f3n Social, Planeaci\u00f3n y Desarrollo Forestal Regional (PROFOS), misma, que concluy\u00f3 al inicio de semana. <\/p>\n<p>Al respecto, la dependencia aclar\u00f3 que los apoyos son en materia de desarrollo de planeaci\u00f3n y ejecuci\u00f3n de proyectos para el desarrollo forestal sustentable en la regi\u00f3n y en el Pa\u00eds. <\/p>\n<p>El dictamen de los proyectos estar\u00e1 a cargo de un t\u00e9cnico evaluador que incluir\u00e1 la representaci\u00f3n de funcionarios de la CONAFOR para revisar cada uno de los proyectos y determinar su viabilidad, y posteriormente remitirlo a la dependencia para la asignaci\u00f3n de recursos. <\/p>\n<p>Cabe se\u00f1alar que para el Programa PROFOS se aprobaron 7 millones de pesos. <\/p>\n<p>Foto: Internet<\/p>\n<div class='share-to-whatsapp-wrapper'><div class='share-on-whsp'>Share on: <\/div><a data-text='CONAFOR analizara 23 proyectos forestales sustentables para desarrollar en el Estado' data-link='https:\/\/visionpeninsular.com\/mid\/conafor-analizara-23-proyectos-forestales-sustentables-para-desarrollar-en-el-estado\/' class='whatsapp-button whatsapp-share'>WhatsApp<\/a><div class='clear '><\/div><\/div>","protected":false},"excerpt":{"rendered":"<p>Catorce organizaciones presentaron 23 proyectos de desarrollo forestal sustentable con alcance regional en Quintana Roo, inform\u00f3 la gerencia de la Comisi\u00f3n Nacional Forestal (CONAFOR) de la Entidad. Y es que con el objetivo de impulsar y fortalecer a las organizaciones sociales del ramo forestal, la dependencia puso en marcha la recepci\u00f3n de solicitudes para el &hellip;<\/p>\n","protected":false},"author":1,"featured_media":763,"comment_status":"open","ping_status":"open","sticky":false,"template":"","format":"standard","meta":{"_mi_skip_tracking":false},"categories":[48],"tags":[],"_links":{"self":[{"href":"https:\/\/visionpeninsular.com\/mid\/wp-json\/wp\/v2\/posts\/788"}],"collection":[{"href":"https:\/\/visionpeninsular.com\/mid\/wp-json\/wp\/v2\/posts"}],"about":[{"href":"https:\/\/visionpeninsular.com\/mid\/wp-json\/wp\/v2\/types\/post"}],"author":[{"embeddable":true,"href":"https:\/\/visionpeninsular.com\/mid\/wp-json\/wp\/v2\/users\/1"}],"replies":[{"embeddable":true,"href":"https:\/\/visionpeninsular.com\/mid\/wp-json\/wp\/v2\/comments?post=788"}],"version-history":[{"count":1,"href":"https:\/\/visionpeninsular.com\/mid\/wp-json\/wp\/v2\/posts\/788\/revisions"}],"predecessor-version":[{"id":789,"href":"https:\/\/visionpeninsular.com\/mid\/wp-json\/wp\/v2\/posts\/788\/revisions\/789"}],"wp:featuredmedia":[{"embeddable":true,"href":"https:\/\/visionpeninsular.com\/mid\/wp-json\/wp\/v2\/media\/763"}],"wp:attachment":[{"href":"https:\/\/visionpeninsular.com\/mid\/wp-json\/wp\/v2\/media?parent=788"}],"wp:term":[{"taxonomy":"category","embeddable":true,"href":"https:\/\/visionpeninsular.com\/mid\/wp-json\/wp\/v2\/categories?post=788"},{"taxonomy":"post_tag","embeddable":true,"href":"https:\/\/visionpeninsular.com\/mid\/wp-json\/wp\/v2\/tags?post=788"}],"curies":[{"name":"wp","href":"https:\/\/api.w.org\/{rel}","templated":true}]}}