{"id":786,"date":"2016-01-27T08:40:29","date_gmt":"2016-01-27T14:40:29","guid":{"rendered":"http:\/\/visionpeninsular.com\/mid\/?p=786"},"modified":"2016-01-27T08:40:29","modified_gmt":"2016-01-27T14:40:29","slug":"pan-aprueba-alianzas-electorales-para-el-2016-en-quintana-roo-y-otros-seis-estados","status":"publish","type":"post","link":"https:\/\/visionpeninsular.com\/mid\/pan-aprueba-alianzas-electorales-para-el-2016-en-quintana-roo-y-otros-seis-estados\/","title":{"rendered":"PAN aprueba alianzas electorales para el 2016 en Quintana Roo y otros seis Estados"},"content":{"rendered":"<p>La Comisi\u00f3n Permanente del Partido Acci\u00f3n Nacional (PAN), inform\u00f3 que el Partido en representaci\u00f3n nacional aprob\u00f3 emitir candidaturas en alianza o coalici\u00f3n para los Estados de Quintana Roo, Oaxaca, Veracruz, Puebla, Sinaloa, Durango y Zacatecas.<\/p>\n<p>En cuanto a los dem\u00e1s estados donde se han programado elecci\u00f3n populares este 2016, a\u00fan se mantiene el di\u00e1logo con los Partidos Pol\u00edticos, incluido con el PRD, aclar\u00f3 el dirigente del PAN Nacional, Ricardo Anaya Cort\u00e9s. <\/p>\n<p>Cabe mencionar que por su parte el PRD en voz del dirigente nacional, Agust\u00edn Basave se\u00f1al\u00f3 que no habr\u00eda coalici\u00f3n en Tlaxcala ni en Puebla.<\/p>\n<p>Mientras que Anaya Cort\u00e9s asegur\u00f3 que esta es una lista preliminar, y que se aprob\u00f3 debido a que los \u00f3rganos locales lo autorizaron, por lo que el partido a nivel nacional solo rectific\u00f3 la decisi\u00f3n local. <\/p>\n<p>Asegur\u00f3 que esto se trata de no ir en alianzas que sean estrictamente electorales, no se trata s\u00f3lo de ganar elecciones, sino de hacer buenos gobiernos que le sirvan a la gente.<\/p>\n<div class='share-to-whatsapp-wrapper'><div class='share-on-whsp'>Share on: <\/div><a data-text='PAN aprueba alianzas electorales para el 2016 en Quintana Roo y otros seis Estados' data-link='https:\/\/visionpeninsular.com\/mid\/pan-aprueba-alianzas-electorales-para-el-2016-en-quintana-roo-y-otros-seis-estados\/' class='whatsapp-button whatsapp-share'>WhatsApp<\/a><div class='clear '><\/div><\/div>","protected":false},"excerpt":{"rendered":"<p>La Comisi\u00f3n Permanente del Partido Acci\u00f3n Nacional (PAN), inform\u00f3 que el Partido en representaci\u00f3n nacional aprob\u00f3 emitir candidaturas en alianza o coalici\u00f3n para los Estados de Quintana Roo, Oaxaca, Veracruz, Puebla, Sinaloa, Durango y Zacatecas. En cuanto a los dem\u00e1s estados donde se han programado elecci\u00f3n populares este 2016, a\u00fan se mantiene el di\u00e1logo con &hellip;<\/p>\n","protected":false},"author":1,"featured_media":774,"comment_status":"open","ping_status":"open","sticky":false,"template":"","format":"standard","meta":{"_mi_skip_tracking":false},"categories":[48],"tags":[],"_links":{"self":[{"href":"https:\/\/visionpeninsular.com\/mid\/wp-json\/wp\/v2\/posts\/786"}],"collection":[{"href":"https:\/\/visionpeninsular.com\/mid\/wp-json\/wp\/v2\/posts"}],"about":[{"href":"https:\/\/visionpeninsular.com\/mid\/wp-json\/wp\/v2\/types\/post"}],"author":[{"embeddable":true,"href":"https:\/\/visionpeninsular.com\/mid\/wp-json\/wp\/v2\/users\/1"}],"replies":[{"embeddable":true,"href":"https:\/\/visionpeninsular.com\/mid\/wp-json\/wp\/v2\/comments?post=786"}],"version-history":[{"count":1,"href":"https:\/\/visionpeninsular.com\/mid\/wp-json\/wp\/v2\/posts\/786\/revisions"}],"predecessor-version":[{"id":787,"href":"https:\/\/visionpeninsular.com\/mid\/wp-json\/wp\/v2\/posts\/786\/revisions\/787"}],"wp:featuredmedia":[{"embeddable":true,"href":"https:\/\/visionpeninsular.com\/mid\/wp-json\/wp\/v2\/media\/774"}],"wp:attachment":[{"href":"https:\/\/visionpeninsular.com\/mid\/wp-json\/wp\/v2\/media?parent=786"}],"wp:term":[{"taxonomy":"category","embeddable":true,"href":"https:\/\/visionpeninsular.com\/mid\/wp-json\/wp\/v2\/categories?post=786"},{"taxonomy":"post_tag","embeddable":true,"href":"https:\/\/visionpeninsular.com\/mid\/wp-json\/wp\/v2\/tags?post=786"}],"curies":[{"name":"wp","href":"https:\/\/api.w.org\/{rel}","templated":true}]}}