{"id":7845,"date":"2016-07-16T19:44:38","date_gmt":"2016-07-17T00:44:38","guid":{"rendered":"http:\/\/visionpeninsular.com\/mid\/?p=7845"},"modified":"2016-07-16T19:44:38","modified_gmt":"2016-07-17T00:44:38","slug":"despedida-de-mauricio-vila-al-comandante-felipe-solano","status":"publish","type":"post","link":"https:\/\/visionpeninsular.com\/mid\/despedida-de-mauricio-vila-al-comandante-felipe-solano\/","title":{"rendered":"Despedida de Mauricio Vila al comandante Felipe Solano"},"content":{"rendered":"<p> El alcalde de M\u00e9rida, Mauricio Vila Dosal, particip\u00f3 esta ma\u00f1ana en la ceremonia de entrega-recepci\u00f3n del Mando de Armas de la IX Zona Naval, donde se efectu\u00f3 la toma de protesta del Vicealmirante Cuerpo General D.E.M. Rosendo Escalante Ilizaliturri, quien sustituye del cargo al Vicealmirante Felipe Solano Armenta.<\/p>\n<p>El acto protocolario se realiz\u00f3 en el patio central de la Zona Naval, en el puerto de Yucalpet\u00e9n, como parte de la rotaci\u00f3n permanente del personal y con la finalidad de que la Secretar\u00eda de Marina-Armada de M\u00e9xico contin\u00fae con el cumplimiento de su misi\u00f3n.<\/p>\n<p>Posterior a la toma de protesta del nuevo mando, se entreg\u00f3 un distintivo a Felipe Solano, quien estuvo al frente de la IX Zona Naval dos a\u00f1os. <\/p>\n<p>Al evento acudieron, adem\u00e1s del alcalde y los comandantes entrante y saliente, el gobernador de Yucat\u00e1n, Rolando Zapata Bello, la presidenta de la Junta de Gobierno y Coordinaci\u00f3n Pol\u00edtica del Congreso del Estado, Celia Rivas Rodr\u00edguez y el presidente del Tribunal Superior de Justicia, Marcos Celis Quintal, entre otros.<\/p>\n<p>Bolet\u00edn de prensa.<\/p>\n<div class='share-to-whatsapp-wrapper'><div class='share-on-whsp'>Share on: <\/div><a data-text='Despedida de Mauricio Vila al comandante Felipe Solano' data-link='https:\/\/visionpeninsular.com\/mid\/despedida-de-mauricio-vila-al-comandante-felipe-solano\/' class='whatsapp-button whatsapp-share'>WhatsApp<\/a><div class='clear '><\/div><\/div>","protected":false},"excerpt":{"rendered":"<p>El alcalde de M\u00e9rida, Mauricio Vila Dosal, particip\u00f3 esta ma\u00f1ana en la ceremonia de entrega-recepci\u00f3n del Mando de Armas de la IX Zona Naval, donde se efectu\u00f3 la toma de protesta del Vicealmirante Cuerpo General D.E.M. Rosendo Escalante Ilizaliturri, quien sustituye del cargo al Vicealmirante Felipe Solano Armenta. El acto protocolario se realiz\u00f3 en el &hellip;<\/p>\n","protected":false},"author":1,"featured_media":7846,"comment_status":"open","ping_status":"open","sticky":false,"template":"","format":"standard","meta":{"_mi_skip_tracking":false},"categories":[50],"tags":[216,1627,1626],"_links":{"self":[{"href":"https:\/\/visionpeninsular.com\/mid\/wp-json\/wp\/v2\/posts\/7845"}],"collection":[{"href":"https:\/\/visionpeninsular.com\/mid\/wp-json\/wp\/v2\/posts"}],"about":[{"href":"https:\/\/visionpeninsular.com\/mid\/wp-json\/wp\/v2\/types\/post"}],"author":[{"embeddable":true,"href":"https:\/\/visionpeninsular.com\/mid\/wp-json\/wp\/v2\/users\/1"}],"replies":[{"embeddable":true,"href":"https:\/\/visionpeninsular.com\/mid\/wp-json\/wp\/v2\/comments?post=7845"}],"version-history":[{"count":1,"href":"https:\/\/visionpeninsular.com\/mid\/wp-json\/wp\/v2\/posts\/7845\/revisions"}],"predecessor-version":[{"id":7847,"href":"https:\/\/visionpeninsular.com\/mid\/wp-json\/wp\/v2\/posts\/7845\/revisions\/7847"}],"wp:featuredmedia":[{"embeddable":true,"href":"https:\/\/visionpeninsular.com\/mid\/wp-json\/wp\/v2\/media\/7846"}],"wp:attachment":[{"href":"https:\/\/visionpeninsular.com\/mid\/wp-json\/wp\/v2\/media?parent=7845"}],"wp:term":[{"taxonomy":"category","embeddable":true,"href":"https:\/\/visionpeninsular.com\/mid\/wp-json\/wp\/v2\/categories?post=7845"},{"taxonomy":"post_tag","embeddable":true,"href":"https:\/\/visionpeninsular.com\/mid\/wp-json\/wp\/v2\/tags?post=7845"}],"curies":[{"name":"wp","href":"https:\/\/api.w.org\/{rel}","templated":true}]}}