{"id":78247,"date":"2019-04-09T09:15:25","date_gmt":"2019-04-09T14:15:25","guid":{"rendered":"http:\/\/visionpeninsular.com\/mid\/?p=78247"},"modified":"2019-04-09T09:15:40","modified_gmt":"2019-04-09T14:15:40","slug":"amlo-llegara-ticul-este-viernes-confirman","status":"publish","type":"post","link":"https:\/\/visionpeninsular.com\/mid\/amlo-llegara-ticul-este-viernes-confirman\/","title":{"rendered":"AMLO llegar\u00e1 a Ticul este viernes, confirman"},"content":{"rendered":"\n<p>A trav\u00e9s de su cuenta de Facebook, el coordinador general\ndel gobierno federal en Yucat\u00e1n, Joaqu\u00edn D\u00edaz Mena, confirm\u00f3 que el presidente\nAndr\u00e9s Manuel L\u00f3pez Obrador estar\u00e1 este viernes en Yucat\u00e1n.<\/p>\n\n\n\n<p>El texto de la publicaci\u00f3n dice \u201cNuestro Presidente Andr\u00e9s\nManuel L\u00f3pez Obrador estar\u00e1 en Yucat\u00e1n. Te invitamos a recibirlo este viernes\n12 de Abril a las 4pm en el campo de beisbol de la Col. Obrera de Ticul, donde\nse encontrar\u00e1 con los beneficiarios de los programas integrales de desarrollo\u201d.<\/p>\n\n\n\n<p>No se dan pormenores del resto de la agenda confirmada lo\nque se espera que ocurra en las pr\u00f3ximas horas.<\/p>\n<div class='share-to-whatsapp-wrapper'><div class='share-on-whsp'>Share on: <\/div><a data-text='AMLO llegar\u00e1 a Ticul este viernes, confirman' data-link='https:\/\/visionpeninsular.com\/mid\/amlo-llegara-ticul-este-viernes-confirman\/' class='whatsapp-button whatsapp-share'>WhatsApp<\/a><div class='clear '><\/div><\/div>","protected":false},"excerpt":{"rendered":"<p>A trav\u00e9s de su cuenta de Facebook, el coordinador general del gobierno federal en Yucat\u00e1n, Joaqu\u00edn D\u00edaz Mena, confirm\u00f3 que el presidente Andr\u00e9s Manuel L\u00f3pez Obrador estar\u00e1 este viernes en Yucat\u00e1n. El texto de la publicaci\u00f3n dice \u201cNuestro Presidente Andr\u00e9s Manuel L\u00f3pez Obrador estar\u00e1 en Yucat\u00e1n. Te invitamos a recibirlo este viernes 12 de Abril &hellip;<\/p>\n","protected":false},"author":5,"featured_media":78252,"comment_status":"open","ping_status":"open","sticky":false,"template":"","format":"standard","meta":{"_mi_skip_tracking":false},"categories":[50,37],"tags":[904,7272],"_links":{"self":[{"href":"https:\/\/visionpeninsular.com\/mid\/wp-json\/wp\/v2\/posts\/78247"}],"collection":[{"href":"https:\/\/visionpeninsular.com\/mid\/wp-json\/wp\/v2\/posts"}],"about":[{"href":"https:\/\/visionpeninsular.com\/mid\/wp-json\/wp\/v2\/types\/post"}],"author":[{"embeddable":true,"href":"https:\/\/visionpeninsular.com\/mid\/wp-json\/wp\/v2\/users\/5"}],"replies":[{"embeddable":true,"href":"https:\/\/visionpeninsular.com\/mid\/wp-json\/wp\/v2\/comments?post=78247"}],"version-history":[{"count":1,"href":"https:\/\/visionpeninsular.com\/mid\/wp-json\/wp\/v2\/posts\/78247\/revisions"}],"predecessor-version":[{"id":78253,"href":"https:\/\/visionpeninsular.com\/mid\/wp-json\/wp\/v2\/posts\/78247\/revisions\/78253"}],"wp:featuredmedia":[{"embeddable":true,"href":"https:\/\/visionpeninsular.com\/mid\/wp-json\/wp\/v2\/media\/78252"}],"wp:attachment":[{"href":"https:\/\/visionpeninsular.com\/mid\/wp-json\/wp\/v2\/media?parent=78247"}],"wp:term":[{"taxonomy":"category","embeddable":true,"href":"https:\/\/visionpeninsular.com\/mid\/wp-json\/wp\/v2\/categories?post=78247"},{"taxonomy":"post_tag","embeddable":true,"href":"https:\/\/visionpeninsular.com\/mid\/wp-json\/wp\/v2\/tags?post=78247"}],"curies":[{"name":"wp","href":"https:\/\/api.w.org\/{rel}","templated":true}]}}