{"id":7815,"date":"2016-07-16T08:10:18","date_gmt":"2016-07-16T13:10:18","guid":{"rendered":"http:\/\/visionpeninsular.com\/mid\/?p=7815"},"modified":"2016-07-16T08:10:18","modified_gmt":"2016-07-16T13:10:18","slug":"proyecto-de-fomento-en-productos-pesqueros-en-mexico-ampliamente-reconocido-por-la-fao-dicen","status":"publish","type":"post","link":"https:\/\/visionpeninsular.com\/mid\/proyecto-de-fomento-en-productos-pesqueros-en-mexico-ampliamente-reconocido-por-la-fao-dicen\/","title":{"rendered":"Proyecto de fomento en productos pesqueros en M\u00e9xico ampliamente reconocido por la FAO, dicen"},"content":{"rendered":"<p>El subdirector general de Pesca y Acuacultura de la Organizaci\u00f3n de las Naciones Unidas para la Alimentaci\u00f3n y la Agricultura (FAO), \u00c1rni M. Mathiesen, expres\u00f3 su reconocimiento al gobierno de M\u00e9xico por lo que calific\u00f3 como una \u201cpol\u00edtica inteligente de fomento al consumo\u201d, que le ha permitido reportar la buena noticia de que la ingesta de productos pesqueros por la poblaci\u00f3n mexicana se increment\u00f3 en tres kilogramos en un corto lapso, al pasar de 8.9 en 2013 a 12 kgs. en la actualidad.<\/p>\n<p>Subray\u00f3 que en esa estrategia desplegada por la CONAPESCA ha sido muy positivo destacar las bondades que aporta el pescado en la dieta de personas de diferentes edades, ya que proporciona indiscutibles beneficios a la salud, y esa promoci\u00f3n deriv\u00f3 en la respuesta favorable de la gente que ahora consume m\u00e1s que en a\u00f1os anteriores.<\/p>\n<p>El reconocimiento fue realizado por el Sr. Mathiesen una vez concluido el evento especial presentado por M\u00e9xico, en donde ante cerca de 100 asistentes, el Comisionado Nacional Mario Gilberto Aguilar S\u00e1nchez expuso las pol\u00edticas p\u00fablicas instrumentadas para promover el fomento de productos pesqueros.<\/p>\n<div class='share-to-whatsapp-wrapper'><div class='share-on-whsp'>Share on: <\/div><a data-text='Proyecto de fomento en productos pesqueros en M\u00e9xico ampliamente reconocido por la FAO, dicen' data-link='https:\/\/visionpeninsular.com\/mid\/proyecto-de-fomento-en-productos-pesqueros-en-mexico-ampliamente-reconocido-por-la-fao-dicen\/' class='whatsapp-button whatsapp-share'>WhatsApp<\/a><div class='clear '><\/div><\/div>","protected":false},"excerpt":{"rendered":"<p>El subdirector general de Pesca y Acuacultura de la Organizaci\u00f3n de las Naciones Unidas para la Alimentaci\u00f3n y la Agricultura (FAO), \u00c1rni M. Mathiesen, expres\u00f3 su reconocimiento al gobierno de M\u00e9xico por lo que calific\u00f3 como una \u201cpol\u00edtica inteligente de fomento al consumo\u201d, que le ha permitido reportar la buena noticia de que la ingesta &hellip;<\/p>\n","protected":false},"author":1,"featured_media":7816,"comment_status":"open","ping_status":"open","sticky":false,"template":"","format":"standard","meta":{"_mi_skip_tracking":false},"categories":[50],"tags":[202],"_links":{"self":[{"href":"https:\/\/visionpeninsular.com\/mid\/wp-json\/wp\/v2\/posts\/7815"}],"collection":[{"href":"https:\/\/visionpeninsular.com\/mid\/wp-json\/wp\/v2\/posts"}],"about":[{"href":"https:\/\/visionpeninsular.com\/mid\/wp-json\/wp\/v2\/types\/post"}],"author":[{"embeddable":true,"href":"https:\/\/visionpeninsular.com\/mid\/wp-json\/wp\/v2\/users\/1"}],"replies":[{"embeddable":true,"href":"https:\/\/visionpeninsular.com\/mid\/wp-json\/wp\/v2\/comments?post=7815"}],"version-history":[{"count":1,"href":"https:\/\/visionpeninsular.com\/mid\/wp-json\/wp\/v2\/posts\/7815\/revisions"}],"predecessor-version":[{"id":7817,"href":"https:\/\/visionpeninsular.com\/mid\/wp-json\/wp\/v2\/posts\/7815\/revisions\/7817"}],"wp:featuredmedia":[{"embeddable":true,"href":"https:\/\/visionpeninsular.com\/mid\/wp-json\/wp\/v2\/media\/7816"}],"wp:attachment":[{"href":"https:\/\/visionpeninsular.com\/mid\/wp-json\/wp\/v2\/media?parent=7815"}],"wp:term":[{"taxonomy":"category","embeddable":true,"href":"https:\/\/visionpeninsular.com\/mid\/wp-json\/wp\/v2\/categories?post=7815"},{"taxonomy":"post_tag","embeddable":true,"href":"https:\/\/visionpeninsular.com\/mid\/wp-json\/wp\/v2\/tags?post=7815"}],"curies":[{"name":"wp","href":"https:\/\/api.w.org\/{rel}","templated":true}]}}