{"id":7621,"date":"2016-07-14T05:56:39","date_gmt":"2016-07-14T10:56:39","guid":{"rendered":"http:\/\/visionpeninsular.com\/mid\/?p=7621"},"modified":"2016-07-14T05:56:39","modified_gmt":"2016-07-14T10:56:39","slug":"amc-anuncia-mil-300-acciones-de-vivienda-para-el-carmen-inversion-sin-precedentes","status":"publish","type":"post","link":"https:\/\/visionpeninsular.com\/mid\/amc-anuncia-mil-300-acciones-de-vivienda-para-el-carmen-inversion-sin-precedentes\/","title":{"rendered":"AMC anuncia mil 300 acciones de vivienda para El Carmen &#8211; Inversi\u00f3n sin precedentes"},"content":{"rendered":"<p>Mil 300 familias ser\u00e1n beneficiadas con acciones de vivienda en El Carmen, anunci\u00f3 el Gobernador de Campeche, Alejandro Moreno C\u00e1rdenas. <\/p>\n<p>Quien indic\u00f3 que este proyecto surge de las gestiones ante la Secretar\u00eda de Desarrollo Agrario, Territorial y Urbano (SEDATU).<\/p>\n<p>En este mismo tenor, el mandatario explic\u00f3 que se invertir\u00e1n otros 420 millones de pesos en obra p\u00fablica y 64 millones en el dragado del puerto. <\/p>\n<p>&#8220;Si bien estamos ante una situaci\u00f3n dif\u00edcil, tambi\u00e9n tenemos enfrente la gran oportunidad de transformar a Campeche, diversificar su econom\u00eda, atraer m\u00e1s inversiones y generar empleos&#8221;, explic\u00f3 tras reconocer que la crisis petrolera ha ocasionado que la Entidad perciba al menos, 2 mil millones de pesos menos. <\/p>\n<p>Estos recursos sin precedentes permiten contrarrestar los efectos de esta crisis, esto gracias al trabajo conjunto entre el Estado y la Federaci\u00f3n, abund\u00f3. <\/p>\n<p>Reiter\u00f3 su compromiso para con los empresarios, quienes son principal motor de la generaci\u00f3n de empleos y de econom\u00eda en la Entidad. <\/p>\n<div class='share-to-whatsapp-wrapper'><div class='share-on-whsp'>Share on: <\/div><a data-text='AMC anuncia mil 300 acciones de vivienda para El Carmen - Inversi\u00f3n sin precedentes' data-link='https:\/\/visionpeninsular.com\/mid\/amc-anuncia-mil-300-acciones-de-vivienda-para-el-carmen-inversion-sin-precedentes\/' class='whatsapp-button whatsapp-share'>WhatsApp<\/a><div class='clear '><\/div><\/div>","protected":false},"excerpt":{"rendered":"<p>Mil 300 familias ser\u00e1n beneficiadas con acciones de vivienda en El Carmen, anunci\u00f3 el Gobernador de Campeche, Alejandro Moreno C\u00e1rdenas. Quien indic\u00f3 que este proyecto surge de las gestiones ante la Secretar\u00eda de Desarrollo Agrario, Territorial y Urbano (SEDATU). En este mismo tenor, el mandatario explic\u00f3 que se invertir\u00e1n otros 420 millones de pesos en &hellip;<\/p>\n","protected":false},"author":1,"featured_media":3104,"comment_status":"open","ping_status":"open","sticky":false,"template":"","format":"standard","meta":{"_mi_skip_tracking":false},"categories":[46],"tags":[55,245],"_links":{"self":[{"href":"https:\/\/visionpeninsular.com\/mid\/wp-json\/wp\/v2\/posts\/7621"}],"collection":[{"href":"https:\/\/visionpeninsular.com\/mid\/wp-json\/wp\/v2\/posts"}],"about":[{"href":"https:\/\/visionpeninsular.com\/mid\/wp-json\/wp\/v2\/types\/post"}],"author":[{"embeddable":true,"href":"https:\/\/visionpeninsular.com\/mid\/wp-json\/wp\/v2\/users\/1"}],"replies":[{"embeddable":true,"href":"https:\/\/visionpeninsular.com\/mid\/wp-json\/wp\/v2\/comments?post=7621"}],"version-history":[{"count":1,"href":"https:\/\/visionpeninsular.com\/mid\/wp-json\/wp\/v2\/posts\/7621\/revisions"}],"predecessor-version":[{"id":7622,"href":"https:\/\/visionpeninsular.com\/mid\/wp-json\/wp\/v2\/posts\/7621\/revisions\/7622"}],"wp:featuredmedia":[{"embeddable":true,"href":"https:\/\/visionpeninsular.com\/mid\/wp-json\/wp\/v2\/media\/3104"}],"wp:attachment":[{"href":"https:\/\/visionpeninsular.com\/mid\/wp-json\/wp\/v2\/media?parent=7621"}],"wp:term":[{"taxonomy":"category","embeddable":true,"href":"https:\/\/visionpeninsular.com\/mid\/wp-json\/wp\/v2\/categories?post=7621"},{"taxonomy":"post_tag","embeddable":true,"href":"https:\/\/visionpeninsular.com\/mid\/wp-json\/wp\/v2\/tags?post=7621"}],"curies":[{"name":"wp","href":"https:\/\/api.w.org\/{rel}","templated":true}]}}