{"id":75932,"date":"2019-03-22T23:29:43","date_gmt":"2019-03-23T05:29:43","guid":{"rendered":"http:\/\/visionpeninsular.com\/mid\/?p=75932"},"modified":"2019-03-22T23:29:52","modified_gmt":"2019-03-23T05:29:52","slug":"depositan-cenizas-de-juan-magana-en-el-monumento-los-creadores","status":"publish","type":"post","link":"https:\/\/visionpeninsular.com\/mid\/depositan-cenizas-de-juan-magana-en-el-monumento-los-creadores\/","title":{"rendered":"Depositan cenizas de Juan Maga\u00f1a en el Monumento a los Creadores"},"content":{"rendered":"\n<p><em>Se realiza homenaje a quien impuls\u00f3 el D\u00eda del Trovador Yucateco.<\/em><\/p>\n\n\n\n<p>Las cenizas del creador del D\u00eda del Trovador Yucateco,\ncompositor y uno de los grandes promotores del g\u00e9nero fuera de la entidad, Juan\nMaga\u00f1a y Alonzo, reposan desde este d\u00eda en el Monumento a los Creadores de la\nCanci\u00f3n Yucateca del Cementerio General de esta ciudad.<\/p>\n\n\n\n<p>El acto, encabezado por la titular de la Secretar\u00eda de la\nCultura y las Artes (Sedeculta), Erica Millet Corona, y el presidente de la\nSociedad Art\u00edstica \u201cRicardo Palmer\u00edn\u201d, Luis P\u00e9rez Sabido, cont\u00f3 con la\npresencia de la viuda del homenajeado, Angelita Uribe Boj\u00f3rquez, sus hijos y\ndem\u00e1s familiares. El hermano del tributado, Rodolfo Maga\u00f1a y Alonzo, introdujo\nlos restos mortales del autor de \u201cMadrecita linda\u201d al recinto.<\/p>\n\n\n\n<p>En su intervenci\u00f3n, Millet Corona reconoci\u00f3 el legado del\nart\u00edfice e hizo un llamado a las y los presentes a seguir sus pasos en la tarea\nde dar a conocer la trova fuera de nuestras fronteras. De igual forma, indic\u00f3\nque desde las asociaciones civiles y en el Gobierno del Estado, existe el\ncompromiso de ser difusores de nuestra identidad a trav\u00e9s del amor por la\nm\u00fasica.<\/p>\n\n\n\n<p>En este sentido, enfatiz\u00f3 la importancia del trabajo y las\niniciativas de la sociedad en beneficio de la cultura, por lo que reiter\u00f3 su\napoyo al impulso, trasmisi\u00f3n y permanencia de la canci\u00f3n yucateca. Finalmente,\nfelicit\u00f3 a quienes ejercen este trabajo en su D\u00eda.<\/p>\n\n\n\n<p>En su turno, el presidente de la \u201cRicardo Palmer\u00edn\u201d resalt\u00f3\nla tenacidad del joven trovador, Juan Maga\u00f1a, a quien se le debe la celebraci\u00f3n\nde la efem\u00e9ride establecida en 1977.<\/p>\n\n\n\n<p>Record\u00f3 que el escritor de los bambucos \u201cAlegre campana\u201d y\n\u201cL\u00e1grimas de ofrenda\u201d, fue el primero, junto con su tr\u00edo \u201cLos Maga\u00f1a\u201d en\ninterpretar canciones de Cirilo Baqueiro Preve \u201cChan Cil\u201d en maya, durante las\nSerenatas de Santa Luc\u00eda.<\/p>\n\n\n\n<p>P\u00e9rez Sabido a\u00f1adi\u00f3 que su labor se extendi\u00f3 m\u00e1s all\u00e1 de\nnuestras fronteras, al realizar giras a Jap\u00f3n, donde se escucharon grandes\ncomposiciones de muchos de los poetas que descansan en el mausoleo.<\/p>\n\n\n\n<p>El hijo del homenajeado y presidente del Comit\u00e9 del D\u00eda del\nTrovador, Efr\u00e9n Maga\u00f1a Uribe, rememor\u00f3 que su padre les inculc\u00f3 a \u00e9l y a sus\nhermanos su pasi\u00f3n por el g\u00e9nero vern\u00e1culo desde ni\u00f1os, y agradeci\u00f3 a las\nautoridades por el apoyo que se le ha otorgado para los festejos de esta\nefem\u00e9ride.<\/p>\n\n\n\n<p>Previo a la introducci\u00f3n de los restos a la cripta correspondiente,\nse hizo una guardia de honor a cargo de Millet Corona, P\u00e9rez Sabido, Maga\u00f1a\nUribe y la presidenta del Museo de la Canci\u00f3n Yucateca, Elena Fern\u00e1ndez Moral.\nEstuvieron acompa\u00f1ados de los artistas Maru Boeta, Gregorio Brito y Jos\u00e9\nMarrufo Mena, adem\u00e1s de la reina de los trovadores, Fernanda Escalante Fuentes.<\/p>\n\n\n\n<p>Durante la ceremonia, se escuch\u00f3 una grabaci\u00f3n con la voz de\nJuan Maga\u00f1a y Alonzo, interpretando la clave \u201cCuando te espero\u201d. De igual\nmanera, los temas \u201cOto\u00f1o\u201d y \u201cDime por qu\u00e9\u201d, a cargo del Tr\u00edo Trove\u00f1os,\nintegrado por \u00c1ngel Maga\u00f1a Garc\u00eda, Armando Zamora Hoil y Marco Antonio Loeza\nRodr\u00edguez.<\/p>\n<div class='share-to-whatsapp-wrapper'><div class='share-on-whsp'>Share on: <\/div><a data-text='Depositan cenizas de Juan Maga\u00f1a en el Monumento a los Creadores' data-link='https:\/\/visionpeninsular.com\/mid\/depositan-cenizas-de-juan-magana-en-el-monumento-los-creadores\/' class='whatsapp-button whatsapp-share'>WhatsApp<\/a><div class='clear '><\/div><\/div>","protected":false},"excerpt":{"rendered":"<p>Se realiza homenaje a quien impuls\u00f3 el D\u00eda del Trovador Yucateco. Las cenizas del creador del D\u00eda del Trovador Yucateco, compositor y uno de los grandes promotores del g\u00e9nero fuera de la entidad, Juan Maga\u00f1a y Alonzo, reposan desde este d\u00eda en el Monumento a los Creadores de la Canci\u00f3n Yucateca del Cementerio General de &hellip;<\/p>\n","protected":false},"author":5,"featured_media":75937,"comment_status":"open","ping_status":"open","sticky":false,"template":"","format":"standard","meta":{"_mi_skip_tracking":false},"categories":[50,37],"tags":[10391,2058,15321,14937],"_links":{"self":[{"href":"https:\/\/visionpeninsular.com\/mid\/wp-json\/wp\/v2\/posts\/75932"}],"collection":[{"href":"https:\/\/visionpeninsular.com\/mid\/wp-json\/wp\/v2\/posts"}],"about":[{"href":"https:\/\/visionpeninsular.com\/mid\/wp-json\/wp\/v2\/types\/post"}],"author":[{"embeddable":true,"href":"https:\/\/visionpeninsular.com\/mid\/wp-json\/wp\/v2\/users\/5"}],"replies":[{"embeddable":true,"href":"https:\/\/visionpeninsular.com\/mid\/wp-json\/wp\/v2\/comments?post=75932"}],"version-history":[{"count":1,"href":"https:\/\/visionpeninsular.com\/mid\/wp-json\/wp\/v2\/posts\/75932\/revisions"}],"predecessor-version":[{"id":75938,"href":"https:\/\/visionpeninsular.com\/mid\/wp-json\/wp\/v2\/posts\/75932\/revisions\/75938"}],"wp:featuredmedia":[{"embeddable":true,"href":"https:\/\/visionpeninsular.com\/mid\/wp-json\/wp\/v2\/media\/75937"}],"wp:attachment":[{"href":"https:\/\/visionpeninsular.com\/mid\/wp-json\/wp\/v2\/media?parent=75932"}],"wp:term":[{"taxonomy":"category","embeddable":true,"href":"https:\/\/visionpeninsular.com\/mid\/wp-json\/wp\/v2\/categories?post=75932"},{"taxonomy":"post_tag","embeddable":true,"href":"https:\/\/visionpeninsular.com\/mid\/wp-json\/wp\/v2\/tags?post=75932"}],"curies":[{"name":"wp","href":"https:\/\/api.w.org\/{rel}","templated":true}]}}