{"id":75894,"date":"2019-03-22T23:03:55","date_gmt":"2019-03-23T05:03:55","guid":{"rendered":"http:\/\/visionpeninsular.com\/mid\/?p=75894"},"modified":"2019-03-22T23:04:08","modified_gmt":"2019-03-23T05:04:08","slug":"merida-reconoce-trayectoria-del-actor-ignacio-lopez-tarso","status":"publish","type":"post","link":"https:\/\/visionpeninsular.com\/mid\/merida-reconoce-trayectoria-del-actor-ignacio-lopez-tarso\/","title":{"rendered":"M\u00e9rida reconoce trayectoria del actor  Ignacio L\u00f3pez Tarso"},"content":{"rendered":"\n<p><em>Recibir\u00e1 distinci\u00f3n por sus 70 a\u00f1os de trayectoria en la presentaci\u00f3n de una obra literaria en la Feria Internacional de la Lectura Yucat\u00e1n.<\/em><\/p>\n\n\n\n<p>En reconocimiento a siete d\u00e9cadas de trayectoria art\u00edstica,\nel Ayuntamiento de M\u00e9rida entregar\u00e1 un reconocimiento al actor mexicano Ignacio\nL\u00f3pez Tarso. El acto est\u00e1 previsto ma\u00f1ana s\u00e1bado, a las 11 de la ma\u00f1ana, en el\nstand No. 127 (Sal\u00f3n Chich\u00e9n Itz\u00e1) con el que el municipio participa en la\nFeria Internacional de la Lectura Yucat\u00e1n, FILEY, en el Centro de Convenciones\nYucat\u00e1n Siglo XXI.<\/p>\n\n\n\n<p>Encabezar\u00e1 la entrega el Alcalde Ren\u00e1n Barrera Concha,\nacompa\u00f1ado de autoridades de la Comisi\u00f3n de Cultura y Cinematograf\u00eda de la\nC\u00e1mara de Diputados del Congreso de la Uni\u00f3n, de Cultura y regidores de la\nCiudad, entre otros invitados especiales.<\/p>\n\n\n\n<p>El actor, considerado un \u00edcono en la escena mexicana del\nsiglo XX, llega a M\u00e9rida para la presentaci\u00f3n de la obra literaria \u201cLa Casta\nDivina, por dentro y por fuera\u201d de la diputada federal Dulce Mar\u00eda Sauri\nRiancho y el Dr. Jos\u00e9 Luis Sierra Villareal, a realizarse este s\u00e1bado 23 en el\nSal\u00f3n Mayamax del Gran Museo del Mundo Maya, en el marco de la FILEY y que\nincluir\u00e1 la presentaci\u00f3n de la pel\u00edcula \u201cLa Casta Divina\u201d y un conversatorio\nsobre la obra mencionada, a partir de las 5 de la tarde. Aprovechando la\npresencia del actor en la ciudad se organiza la entrega del reconocimiento por\nsus 70 a\u00f1os de trayectoria art\u00edstica.<\/p>\n\n\n\n<p>El artista form\u00f3 parte del elenco de la pel\u00edcula \u201cLa Casta\nDivina\u201d, una producci\u00f3n mexicana dirigida por Juli\u00e1n Pastor que se estren\u00f3 el\n17 de noviembre de 1977 en los cines Par\u00eds, Galaxia, Tlatelolco, Libra,\nViaducto y las Alamedas. La pel\u00edcula comenz\u00f3 a rodarse el 7 de junio de 1976 en\nlocaciones y escenarios naturales de Yucat\u00e1n y en Hacienda Yaxcopoil, Progreso\ny M\u00e9rida, fue procesada en los Estudios Churubusco y premiada en la XIX Entrega\nde los Premios Ariel en las categor\u00edas de mejor pel\u00edcula, ambientaci\u00f3n (de\nCarlos Enrique Taboada) y mejor actriz de reparto (para Tina Romero). Don\nIgnacio interpret\u00f3 el papel del hacendado \u201cDon Wilfrido\u201d, con el cual obtuvo la\nDiosa de Plata al mejor actor, discernido por PECIME (Periodistas Cinematogr\u00e1ficos\nde M\u00e9xico).<\/p>\n\n\n\n<p>Ma\u00f1ana, durante la entrega del reconocimiento se proyectar\u00e1\nun video con extractos de la pel\u00edcula.<\/p>\n\n\n\n<p>En su haber teatral y cinematogr\u00e1fico, Ignacio L\u00f3pez Tarso\nha interpretado en teatro m\u00e1s de 100 obras y participado en m\u00e1s de medio centenar\nde pel\u00edculas memorables como \u201cMacario\u201d, \u201cEl hombre de papel\u201d \u201cPedro P\u00e1ramo\u201d,\n\u201cLa Cucaracha\u201d y \u201cBajo el volc\u00e1n\u201d. Entre los directores con los que ha\ntrabajado figuran Luis Bu\u00f1uel, Roberto Gavald\u00f3n, Ismael Rodr\u00edguez, Julio\nBracho, Luis Alcoriza, Jorge Fons, John Huston, Miguel Sabido, Alan Jonsson y\nJos\u00e9 Boj\u00f3rquez y en televisi\u00f3n se le ha visto en m\u00e1s de mil programas\nunitarios, series y telenovelas.<\/p>\n\n\n\n<p>La m\u00fasica tambi\u00e9n forma parte de su trayectoria, pues grab\u00f3\nocho discos LP con corridos, su trabajo se ha extendido a pa\u00edses como Espa\u00f1a,\nEstados Unidos, Cuba, Per\u00fa, Santo Domingo, Colombia, San Salvador y ha recibido\nm\u00e1s de 200 premios nacionales e internacionales.<\/p>\n\n\n\n<p>Por otro lado, este s\u00e1bado en el m\u00f3dulo de la Direcci\u00f3n de\nCultura en la FILEY tambi\u00e9n se realizar\u00e1n los talleres infantiles \u201cEspacio\nL\u00fadico\u201d (12:30pm), \u201cDiverticiencia\u201d (2pm) y \u201cMundos posibles: Taller de\nnarrativa fant\u00e1stica\u201d (6pm), este \u00faltimo en conjunto con la Red Literaria del\nSureste.<\/p>\n\n\n\n<p>El domingo 24, \u00faltimo d\u00eda de la feria de la lectura, est\u00e1n\nprevistos el taller \u201cVientos en PoPa (poes\u00eda palindr\u00f3mica, 11am),\n\u201cDiverticiencia\u201d (2pm), la mesa panel \u201cNota roja: entre el amor y el horror\u201d\n(5pm) con Rodrigo Ordo\u00f1ez y Ad\u00e1n Escamilla y la presentaci\u00f3n del libro \u201cTierra\nnueva. Poes\u00eda y fotograf\u00eda\u201d a cargo de la poeta Kary Cerda (6:30pm). Todas las\nactividades son con entrada gratuita.<\/p>\n<div class='share-to-whatsapp-wrapper'><div class='share-on-whsp'>Share on: <\/div><a data-text='M\u00e9rida reconoce trayectoria del actor  Ignacio L\u00f3pez Tarso' data-link='https:\/\/visionpeninsular.com\/mid\/merida-reconoce-trayectoria-del-actor-ignacio-lopez-tarso\/' class='whatsapp-button whatsapp-share'>WhatsApp<\/a><div class='clear '><\/div><\/div>","protected":false},"excerpt":{"rendered":"<p>Recibir\u00e1 distinci\u00f3n por sus 70 a\u00f1os de trayectoria en la presentaci\u00f3n de una obra literaria en la Feria Internacional de la Lectura Yucat\u00e1n. En reconocimiento a siete d\u00e9cadas de trayectoria art\u00edstica, el Ayuntamiento de M\u00e9rida entregar\u00e1 un reconocimiento al actor mexicano Ignacio L\u00f3pez Tarso. El acto est\u00e1 previsto ma\u00f1ana s\u00e1bado, a las 11 de la &hellip;<\/p>\n","protected":false},"author":5,"featured_media":75899,"comment_status":"open","ping_status":"open","sticky":false,"template":"","format":"standard","meta":{"_mi_skip_tracking":false},"categories":[50,37],"tags":[15318,41,2058,15317,5338],"_links":{"self":[{"href":"https:\/\/visionpeninsular.com\/mid\/wp-json\/wp\/v2\/posts\/75894"}],"collection":[{"href":"https:\/\/visionpeninsular.com\/mid\/wp-json\/wp\/v2\/posts"}],"about":[{"href":"https:\/\/visionpeninsular.com\/mid\/wp-json\/wp\/v2\/types\/post"}],"author":[{"embeddable":true,"href":"https:\/\/visionpeninsular.com\/mid\/wp-json\/wp\/v2\/users\/5"}],"replies":[{"embeddable":true,"href":"https:\/\/visionpeninsular.com\/mid\/wp-json\/wp\/v2\/comments?post=75894"}],"version-history":[{"count":1,"href":"https:\/\/visionpeninsular.com\/mid\/wp-json\/wp\/v2\/posts\/75894\/revisions"}],"predecessor-version":[{"id":75900,"href":"https:\/\/visionpeninsular.com\/mid\/wp-json\/wp\/v2\/posts\/75894\/revisions\/75900"}],"wp:featuredmedia":[{"embeddable":true,"href":"https:\/\/visionpeninsular.com\/mid\/wp-json\/wp\/v2\/media\/75899"}],"wp:attachment":[{"href":"https:\/\/visionpeninsular.com\/mid\/wp-json\/wp\/v2\/media?parent=75894"}],"wp:term":[{"taxonomy":"category","embeddable":true,"href":"https:\/\/visionpeninsular.com\/mid\/wp-json\/wp\/v2\/categories?post=75894"},{"taxonomy":"post_tag","embeddable":true,"href":"https:\/\/visionpeninsular.com\/mid\/wp-json\/wp\/v2\/tags?post=75894"}],"curies":[{"name":"wp","href":"https:\/\/api.w.org\/{rel}","templated":true}]}}