{"id":75695,"date":"2019-03-21T10:05:40","date_gmt":"2019-03-21T16:05:40","guid":{"rendered":"http:\/\/visionpeninsular.com\/mid\/?p=75695"},"modified":"2019-03-21T10:05:50","modified_gmt":"2019-03-21T16:05:50","slug":"se-esta-incumpliendo-la-reforma-educativa-sera-cancelada-amlo","status":"publish","type":"post","link":"https:\/\/visionpeninsular.com\/mid\/se-esta-incumpliendo-la-reforma-educativa-sera-cancelada-amlo\/","title":{"rendered":"NO se est\u00e1 incumpliendo, la Reforma Educativa ser\u00e1 cancelada: AMLO"},"content":{"rendered":"\n<p>Esta ma\u00f1ana en conferencia de prensa, el Presidente Andr\u00e9s Manuel L\u00f3pez Obrador asegur\u00f3 que se esta cumpliendo el compromiso de cancelar la mal llamada reforma educativa.<\/p>\n\n\n\n<p>Y es que tras las protestas que han ocasionado retrasos en dictaminar la iniciativa dio instrucci\u00f3n a Esteban Moctezuma y Olga S\u00e1nchez Cordero, Secretario de Educaci\u00f3n y Gobernaci\u00f3n, respectivamente, de dialogar con la <strong>Coordinadora Nacional de Trabajadores de la Educaci\u00f3n (CNTE).<\/strong><\/p>\n\n\n\n<p>Asimismo, se\u00f1al\u00f3 que se recomendar\u00e1 a los legisladores no sesionar para que los ciudadanos decidan sobre esta Iniciativa: <\/p>\n\n\n\n<p>&#8220;Es mejor que todos los ciudadanos nos atengamos a la opini\u00f3n p\u00fablica, al criterio de los ciudadanos, que sean los ciudadanos los que decidan y califiquen si estamos bien en nuestras posturas&#8221;.<\/p>\n\n\n\n<p>En este sentido, record\u00f3 que es una promesa de campa\u00f1a la derogaci\u00f3n de esta reforma educativa, por lo que indic\u00f3 que si bien es un derecho se hace un llamado a conservar la Paz,  No hay motivo para protestas, enfatizando que no se har\u00e1 uso de la fuerza p\u00fablica contra el magisterio.<\/p>\n\n\n\n<p>&#8220;No hay argumentos para sostener de que estamos incumpliendo con nuestra palabra y con nuestro compromiso&#8230;&#8221;<\/p>\n\n\n\n<p>En cuanto a la sesi\u00f3n programa este d\u00eda en la C\u00e1mara de Diputados, \u00e9sta fue suspendida y reprogramada para el martes 26 de marzo se\u00f1al\u00f3 el Presidente de la Mesa Directiva Porfirio Mu\u00f1oz Ledo en redes sociales<\/p>\n\n\n\n<figure class=\"wp-block-image\"><a href=\"https:\/\/twitter.com\/PMunozLedo\"><img src=\"https:\/\/pbs.twimg.com\/profile_images\/699366724026519552\/2VH_2ieC_normal.jpg\" alt=\"\"\/><\/a><\/figure>\n\n\n\n<p><a href=\"https:\/\/twitter.com\/PMunozLedo\"><strong>Porfirio Mu\u00f1oz Ledo<\/strong><strong>\u2714<\/strong>@PMunozLedo<\/a><a href=\"https:\/\/twitter.com\/PMunozLedo\/status\/1108714888376000512\"><\/a><\/p>\n\n\n\n<p>Con el fin de fortalecer el di\u00e1logo en curso con representantes  magisteriales se suspende la sesi\u00f3n de hoy y se cita para el martes 26 de marzo  a las 11:00 horas.<a href=\"https:\/\/twitter.com\/intent\/like?tweet_id=1108714888376000512\">275<\/a><a href=\"https:\/\/twitter.com\/PMunozLedo\/status\/1108714888376000512\">7:00 &#8211; 21 mar. 2019<\/a><a href=\"https:\/\/support.twitter.com\/articles\/20175256\">Informaci\u00f3n y privacidad de Twitter Ads<\/a><a href=\"https:\/\/twitter.com\/PMunozLedo\/status\/1108714888376000512\">246 personas est\u00e1n hablando de esto<\/a><\/p>\n<div class='share-to-whatsapp-wrapper'><div class='share-on-whsp'>Share on: <\/div><a data-text='NO se est\u00e1 incumpliendo, la Reforma Educativa ser\u00e1 cancelada: AMLO' data-link='https:\/\/visionpeninsular.com\/mid\/se-esta-incumpliendo-la-reforma-educativa-sera-cancelada-amlo\/' class='whatsapp-button whatsapp-share'>WhatsApp<\/a><div class='clear '><\/div><\/div>","protected":false},"excerpt":{"rendered":"<p>Esta ma\u00f1ana en conferencia de prensa, el Presidente Andr\u00e9s Manuel L\u00f3pez Obrador asegur\u00f3 que se esta cumpliendo el compromiso de cancelar la mal llamada reforma educativa. Y es que tras las protestas que han ocasionado retrasos en dictaminar la iniciativa dio instrucci\u00f3n a Esteban Moctezuma y Olga S\u00e1nchez Cordero, Secretario de Educaci\u00f3n y Gobernaci\u00f3n, respectivamente, &hellip;<\/p>\n","protected":false},"author":1,"featured_media":75700,"comment_status":"open","ping_status":"open","sticky":false,"template":"","format":"standard","meta":{"_mi_skip_tracking":false},"categories":[49],"tags":[1672,317,1458],"_links":{"self":[{"href":"https:\/\/visionpeninsular.com\/mid\/wp-json\/wp\/v2\/posts\/75695"}],"collection":[{"href":"https:\/\/visionpeninsular.com\/mid\/wp-json\/wp\/v2\/posts"}],"about":[{"href":"https:\/\/visionpeninsular.com\/mid\/wp-json\/wp\/v2\/types\/post"}],"author":[{"embeddable":true,"href":"https:\/\/visionpeninsular.com\/mid\/wp-json\/wp\/v2\/users\/1"}],"replies":[{"embeddable":true,"href":"https:\/\/visionpeninsular.com\/mid\/wp-json\/wp\/v2\/comments?post=75695"}],"version-history":[{"count":1,"href":"https:\/\/visionpeninsular.com\/mid\/wp-json\/wp\/v2\/posts\/75695\/revisions"}],"predecessor-version":[{"id":75701,"href":"https:\/\/visionpeninsular.com\/mid\/wp-json\/wp\/v2\/posts\/75695\/revisions\/75701"}],"wp:featuredmedia":[{"embeddable":true,"href":"https:\/\/visionpeninsular.com\/mid\/wp-json\/wp\/v2\/media\/75700"}],"wp:attachment":[{"href":"https:\/\/visionpeninsular.com\/mid\/wp-json\/wp\/v2\/media?parent=75695"}],"wp:term":[{"taxonomy":"category","embeddable":true,"href":"https:\/\/visionpeninsular.com\/mid\/wp-json\/wp\/v2\/categories?post=75695"},{"taxonomy":"post_tag","embeddable":true,"href":"https:\/\/visionpeninsular.com\/mid\/wp-json\/wp\/v2\/tags?post=75695"}],"curies":[{"name":"wp","href":"https:\/\/api.w.org\/{rel}","templated":true}]}}