{"id":7546,"date":"2016-07-13T06:25:10","date_gmt":"2016-07-13T11:25:10","guid":{"rendered":"http:\/\/visionpeninsular.com\/mid\/?p=7546"},"modified":"2016-07-13T06:25:10","modified_gmt":"2016-07-13T11:25:10","slug":"en-tiempo-y-forma-el-primer-informe-de-gobierno-de-amc-dicen","status":"publish","type":"post","link":"https:\/\/visionpeninsular.com\/mid\/en-tiempo-y-forma-el-primer-informe-de-gobierno-de-amc-dicen\/","title":{"rendered":"En tiempo y forma el Primer Informe de Gobierno de AMC, dicen"},"content":{"rendered":"<p>Se espera que para la siguiente semana este listo el documento oficial del Primer Informe de Gobierno de Alejandro Moreno C\u00e1rdenas, indic\u00f3 Ram\u00f3n Arredondo Anguiano, Secretario de Planeaci\u00f3n (SEPLAN).<\/p>\n<p>Quien dijo que la recopilaci\u00f3n de datos que conformas el Primer Informe se han realizado en tiempo y forma, por lo que en breve estar\u00e1 completamente listo el documento, cuyo costo de impresi\u00f3n de ejemplares se val\u00faa en 2 millones 300 mil pesos. <\/p>\n<p>\u201cYa estamos en el proceso de integraci\u00f3n del documento y en las \u00faltimas revisiones para entregarlo a impresi\u00f3n\u201d, abund\u00f3 el funcionario.<\/p>\n<p>En este primer informe, el Mandatario se\u00f1alara cuales son los avances logrados en Campeche. <\/p>\n<p>En cuanto a la presentaci\u00f3n del Informe de resultados, indic\u00f3 que la log\u00edstica y organizaci\u00f3n de invitados corren a cuenta de otra persona. <\/p>\n<p>Lo que si advirti\u00f3 es que el Informe ser\u00e1 algo real y congruente con el verdadero avance de Campeche. <\/p>\n<p>Manifest\u00f3 que el 7 de agosto, ser\u00e1 cuando el mandatario estatal entregue el documento al Congreso local y posteriormente de cuenta a la ciudadan\u00eda del primer a\u00f1o de mandato constitucional y lo que se ha ejercido con la hacienda p\u00fablica estatal.<\/p>\n<div class='share-to-whatsapp-wrapper'><div class='share-on-whsp'>Share on: <\/div><a data-text='En tiempo y forma el Primer Informe de Gobierno de AMC, dicen' data-link='https:\/\/visionpeninsular.com\/mid\/en-tiempo-y-forma-el-primer-informe-de-gobierno-de-amc-dicen\/' class='whatsapp-button whatsapp-share'>WhatsApp<\/a><div class='clear '><\/div><\/div>","protected":false},"excerpt":{"rendered":"<p>Se espera que para la siguiente semana este listo el documento oficial del Primer Informe de Gobierno de Alejandro Moreno C\u00e1rdenas, indic\u00f3 Ram\u00f3n Arredondo Anguiano, Secretario de Planeaci\u00f3n (SEPLAN). Quien dijo que la recopilaci\u00f3n de datos que conformas el Primer Informe se han realizado en tiempo y forma, por lo que en breve estar\u00e1 completamente &hellip;<\/p>\n","protected":false},"author":1,"featured_media":3104,"comment_status":"open","ping_status":"open","sticky":false,"template":"","format":"standard","meta":{"_mi_skip_tracking":false},"categories":[46],"tags":[55,1564],"_links":{"self":[{"href":"https:\/\/visionpeninsular.com\/mid\/wp-json\/wp\/v2\/posts\/7546"}],"collection":[{"href":"https:\/\/visionpeninsular.com\/mid\/wp-json\/wp\/v2\/posts"}],"about":[{"href":"https:\/\/visionpeninsular.com\/mid\/wp-json\/wp\/v2\/types\/post"}],"author":[{"embeddable":true,"href":"https:\/\/visionpeninsular.com\/mid\/wp-json\/wp\/v2\/users\/1"}],"replies":[{"embeddable":true,"href":"https:\/\/visionpeninsular.com\/mid\/wp-json\/wp\/v2\/comments?post=7546"}],"version-history":[{"count":1,"href":"https:\/\/visionpeninsular.com\/mid\/wp-json\/wp\/v2\/posts\/7546\/revisions"}],"predecessor-version":[{"id":7547,"href":"https:\/\/visionpeninsular.com\/mid\/wp-json\/wp\/v2\/posts\/7546\/revisions\/7547"}],"wp:featuredmedia":[{"embeddable":true,"href":"https:\/\/visionpeninsular.com\/mid\/wp-json\/wp\/v2\/media\/3104"}],"wp:attachment":[{"href":"https:\/\/visionpeninsular.com\/mid\/wp-json\/wp\/v2\/media?parent=7546"}],"wp:term":[{"taxonomy":"category","embeddable":true,"href":"https:\/\/visionpeninsular.com\/mid\/wp-json\/wp\/v2\/categories?post=7546"},{"taxonomy":"post_tag","embeddable":true,"href":"https:\/\/visionpeninsular.com\/mid\/wp-json\/wp\/v2\/tags?post=7546"}],"curies":[{"name":"wp","href":"https:\/\/api.w.org\/{rel}","templated":true}]}}