{"id":7523,"date":"2016-07-12T17:54:08","date_gmt":"2016-07-12T22:54:08","guid":{"rendered":"http:\/\/visionpeninsular.com\/mid\/?p=7523"},"modified":"2016-07-12T17:54:08","modified_gmt":"2016-07-12T22:54:08","slug":"pareja-de-menores-reportada-como-desaparecida-fue-encontrada-en-cancun","status":"publish","type":"post","link":"https:\/\/visionpeninsular.com\/mid\/pareja-de-menores-reportada-como-desaparecida-fue-encontrada-en-cancun\/","title":{"rendered":"Pareja de menores reportada como desaparecida fue encontrada en Canc\u00fan"},"content":{"rendered":"<p>Elementos de la Polic\u00eda Ministerial de la Fiscal\u00eda General del Estado (FGE), en colaboraci\u00f3n con sus hom\u00f3logos de la Fiscal\u00eda General de Quintana Roo, localizaron a la menor D.V.D.B. de 16 a\u00f1os y al joven S.A.R.V. de 17, reportados como extraviados por sus familiares el pasado 7 de julio ante esta Fiscal\u00eda.<\/p>\n<p>Despu\u00e9s de tomar conocimiento del hecho, el personal adscrito a la Unidad de Alerta Amber de la FGE emiti\u00f3 una prealerta Amber Yucat\u00e1n para localizar a los dos j\u00f3venes extraviados, quienes fueron vistos por \u00faltima vez el 7 de julio de este a\u00f1o en calles del municipio de Kanas\u00edn.<\/p>\n<p>La FGE solicit\u00f3 la colaboraci\u00f3n de sus hom\u00f3logos en la Fiscal\u00eda General de Quintana Roo, pues las averiguaciones indicaban que los extraviados podr\u00edan encontrarse en la ciudad de Canc\u00fan con familiares del joven, por lo que agentes ministeriales del vecino estado comenzaron la b\u00fasqueda de estas personas.<\/p>\n<p>La tarde del pasado 11 de julio, los agentes de Quintana Roo ubicaron el paradero de ambas personas y despu\u00e9s de entrevistar a los familiares del joven, informaron a polic\u00edas ministeriales yucatecos que los extraviados se hab\u00edan comunicado ya con sus familiares en Yucat\u00e1n y estaban camino a Kanas\u00edn, donde al llegar, acudieron a la Agencia Investigadora de la FGE.<\/p>\n<p>Al presentarse ante esta autoridad, se les entrevist\u00f3 y traslad\u00f3 al edificio central de la Fiscal\u00eda, en donde despu\u00e9s de realizar las diligencias correspondientes, fueron entregados a sus padres. Ambos j\u00f3venes se reportaron en buen estado de salud y sin signos de violencia f\u00edsica.<\/p>\n<p>Bolet\u00edn de prensa.<\/p>\n<div class='share-to-whatsapp-wrapper'><div class='share-on-whsp'>Share on: <\/div><a data-text='Pareja de menores reportada como desaparecida fue encontrada en Canc\u00fan' data-link='https:\/\/visionpeninsular.com\/mid\/pareja-de-menores-reportada-como-desaparecida-fue-encontrada-en-cancun\/' class='whatsapp-button whatsapp-share'>WhatsApp<\/a><div class='clear '><\/div><\/div>","protected":false},"excerpt":{"rendered":"<p>Elementos de la Polic\u00eda Ministerial de la Fiscal\u00eda General del Estado (FGE), en colaboraci\u00f3n con sus hom\u00f3logos de la Fiscal\u00eda General de Quintana Roo, localizaron a la menor D.V.D.B. de 16 a\u00f1os y al joven S.A.R.V. de 17, reportados como extraviados por sus familiares el pasado 7 de julio ante esta Fiscal\u00eda. Despu\u00e9s de tomar &hellip;<\/p>\n","protected":false},"author":1,"featured_media":7527,"comment_status":"open","ping_status":"open","sticky":false,"template":"","format":"standard","meta":{"_mi_skip_tracking":false},"categories":[50],"tags":[672,247,1556],"_links":{"self":[{"href":"https:\/\/visionpeninsular.com\/mid\/wp-json\/wp\/v2\/posts\/7523"}],"collection":[{"href":"https:\/\/visionpeninsular.com\/mid\/wp-json\/wp\/v2\/posts"}],"about":[{"href":"https:\/\/visionpeninsular.com\/mid\/wp-json\/wp\/v2\/types\/post"}],"author":[{"embeddable":true,"href":"https:\/\/visionpeninsular.com\/mid\/wp-json\/wp\/v2\/users\/1"}],"replies":[{"embeddable":true,"href":"https:\/\/visionpeninsular.com\/mid\/wp-json\/wp\/v2\/comments?post=7523"}],"version-history":[{"count":1,"href":"https:\/\/visionpeninsular.com\/mid\/wp-json\/wp\/v2\/posts\/7523\/revisions"}],"predecessor-version":[{"id":7528,"href":"https:\/\/visionpeninsular.com\/mid\/wp-json\/wp\/v2\/posts\/7523\/revisions\/7528"}],"wp:featuredmedia":[{"embeddable":true,"href":"https:\/\/visionpeninsular.com\/mid\/wp-json\/wp\/v2\/media\/7527"}],"wp:attachment":[{"href":"https:\/\/visionpeninsular.com\/mid\/wp-json\/wp\/v2\/media?parent=7523"}],"wp:term":[{"taxonomy":"category","embeddable":true,"href":"https:\/\/visionpeninsular.com\/mid\/wp-json\/wp\/v2\/categories?post=7523"},{"taxonomy":"post_tag","embeddable":true,"href":"https:\/\/visionpeninsular.com\/mid\/wp-json\/wp\/v2\/tags?post=7523"}],"curies":[{"name":"wp","href":"https:\/\/api.w.org\/{rel}","templated":true}]}}