{"id":7507,"date":"2016-07-12T16:00:04","date_gmt":"2016-07-12T21:00:04","guid":{"rendered":"http:\/\/visionpeninsular.com\/mid\/?p=7507"},"modified":"2016-07-12T16:22:54","modified_gmt":"2016-07-12T21:22:54","slug":"presion-magisterial-lograria-posibles-ajustes-a-la-reforma-educativa","status":"publish","type":"post","link":"https:\/\/visionpeninsular.com\/mid\/presion-magisterial-lograria-posibles-ajustes-a-la-reforma-educativa\/","title":{"rendered":"Presion Magisterial lograr\u00eda posibles AJUSTES a la Reforma Educativa"},"content":{"rendered":"<p>La Secretar\u00eda de Gobernaci\u00f3n, en el marco de respeto al di\u00e1logo que siempre ha privilegiado, ha establecido que el mecanismo de soluci\u00f3n para la distensi\u00f3n y la creaci\u00f3n de una ruta de salida para el conflicto magisterial con motivo de la aplicaci\u00f3n de la Reforma educativa, es la creaci\u00f3n de mesas que permita la manifestaci\u00f3n de todas las expresiones que fluyen en un tema tan relevante, como por es la educaci\u00f3n. <\/p>\n<p>Por lo tanto, ha propuesto a la Coordinadora Nacional de Trabajadores de la Educaci\u00f3n la instalaci\u00f3n de tres meses de trabajo que, en pleno respeto a la competencia de los diversos Poderes y Autoridades, tendr\u00e1n objetivo de generar consensos estables y duraderos:<\/p>\n<p><strong>1.- Mesa pol\u00edtica, <\/strong> que se instalar\u00e1 el 13 de julio de 2016.<\/p>\n<p><strong>2.- Mesa Educativa,<\/strong> que se instalar\u00e1 el 19 de julio de 2016.<\/p>\n<p><strong>3.- Mesa de Car\u00e1cter Social,<\/strong> que ese instalar\u00e1 el 21 de julio de 2016.<\/p>\n<p>En todos los casos, las agendas de trabajo, los temas espec\u00edficos a tratar y los participantes se definir\u00e1n en el cena de las mesas, las cuales sesionar\u00e1n  inicialmente en la Secretar\u00eda de Gobernaci\u00f3n. <\/p>\n<p>La Comisi\u00f3n Nacional de Mediaci\u00f3n, continuar\u00e1 acompa\u00f1ando dichos trabajos, como garante del proceso di\u00e1logo y acuerdo. <\/p>\n<p>Asimismo, en el marco del inter\u00e9s de la Coordinadora Nacional de Trabajadores de la Educaci\u00f3n por entrevistarse con los Legisladores de la diversas fracciones parlamentarias que componen el Congreso de la Uni\u00f3n, la Secretar\u00eda de Gobernaci\u00f3n a trav\u00e9s de la Subsecretar\u00eda de Acuerdo Pol\u00edtico y Enlace Legislativo, transmitir\u00e1 dicha solicitud. <\/p>\n<p>La Secretar\u00eda de Gobernaci\u00f3n respeta en todo momento ese derecho, para ejercerlo cuando as\u00ed lo consideren pertinente, y respetar\u00e1 los result\u00f3 que deriven de dichos encuentros. <\/p>\n<p>Por \u00faltimo, la Secretar\u00eda de Gobernaci\u00f3n refrenda su compromiso absoluto con el di\u00e1logo como la manera de encontrar soluciones, en su estricto apego a sus facultades y atribuciones. <\/p>\n<div class='share-to-whatsapp-wrapper'><div class='share-on-whsp'>Share on: <\/div><a data-text='Presion Magisterial lograr\u00eda posibles AJUSTES a la Reforma Educativa' data-link='https:\/\/visionpeninsular.com\/mid\/presion-magisterial-lograria-posibles-ajustes-a-la-reforma-educativa\/' class='whatsapp-button whatsapp-share'>WhatsApp<\/a><div class='clear '><\/div><\/div>","protected":false},"excerpt":{"rendered":"<p>La Secretar\u00eda de Gobernaci\u00f3n, en el marco de respeto al di\u00e1logo que siempre ha privilegiado, ha establecido que el mecanismo de soluci\u00f3n para la distensi\u00f3n y la creaci\u00f3n de una ruta de salida para el conflicto magisterial con motivo de la aplicaci\u00f3n de la Reforma educativa, es la creaci\u00f3n de mesas que permita la manifestaci\u00f3n &hellip;<\/p>\n","protected":false},"author":1,"featured_media":7508,"comment_status":"open","ping_status":"open","sticky":false,"template":"","format":"standard","meta":{"_mi_skip_tracking":false},"categories":[50],"tags":[1245,1458],"_links":{"self":[{"href":"https:\/\/visionpeninsular.com\/mid\/wp-json\/wp\/v2\/posts\/7507"}],"collection":[{"href":"https:\/\/visionpeninsular.com\/mid\/wp-json\/wp\/v2\/posts"}],"about":[{"href":"https:\/\/visionpeninsular.com\/mid\/wp-json\/wp\/v2\/types\/post"}],"author":[{"embeddable":true,"href":"https:\/\/visionpeninsular.com\/mid\/wp-json\/wp\/v2\/users\/1"}],"replies":[{"embeddable":true,"href":"https:\/\/visionpeninsular.com\/mid\/wp-json\/wp\/v2\/comments?post=7507"}],"version-history":[{"count":7,"href":"https:\/\/visionpeninsular.com\/mid\/wp-json\/wp\/v2\/posts\/7507\/revisions"}],"predecessor-version":[{"id":7516,"href":"https:\/\/visionpeninsular.com\/mid\/wp-json\/wp\/v2\/posts\/7507\/revisions\/7516"}],"wp:featuredmedia":[{"embeddable":true,"href":"https:\/\/visionpeninsular.com\/mid\/wp-json\/wp\/v2\/media\/7508"}],"wp:attachment":[{"href":"https:\/\/visionpeninsular.com\/mid\/wp-json\/wp\/v2\/media?parent=7507"}],"wp:term":[{"taxonomy":"category","embeddable":true,"href":"https:\/\/visionpeninsular.com\/mid\/wp-json\/wp\/v2\/categories?post=7507"},{"taxonomy":"post_tag","embeddable":true,"href":"https:\/\/visionpeninsular.com\/mid\/wp-json\/wp\/v2\/tags?post=7507"}],"curies":[{"name":"wp","href":"https:\/\/api.w.org\/{rel}","templated":true}]}}