{"id":74199,"date":"2019-03-14T07:05:54","date_gmt":"2019-03-14T13:05:54","guid":{"rendered":"http:\/\/visionpeninsular.com\/mid\/?p=74199"},"modified":"2019-03-14T07:06:02","modified_gmt":"2019-03-14T13:06:02","slug":"uber-desmiente-regreso-quintana-roo-en-marzo","status":"publish","type":"post","link":"https:\/\/visionpeninsular.com\/mid\/uber-desmiente-regreso-quintana-roo-en-marzo\/","title":{"rendered":"Uber desmiente regreso a Quintana Roo en marzo"},"content":{"rendered":"\n<p><strong>Uber desminti\u00f3 las versiones sobre su regreso<\/strong>\n a operaciones en Quintana Roo a finales de marzo y asegur\u00f3 que la \ninformaci\u00f3n no fue dada por personal autorizado por la empresa.<\/p>\n\n\n\n<p>Esto\n luego de que varias versiones sobre su retorno luego de 15 meses al \nestado fueran difundidas por varios medios de comunicaci\u00f3n de la \nentidad.<\/p>\n\n\n\n<p>&#8220;En relaci\u00f3n a las recientes notas publicadas por medios en el <strong>estado de Quintana Roo,<\/strong> en las que se afirma que Uber reanud\u00f3 las operaciones en el estado confirmamos que la informaci\u00f3n es completamente falsa&#8221;. <\/p>\n\n\n\n<p>Personal\n de la compa\u00f1\u00eda ha visitado el estado en varias ocasiones, pero no se \ntiene fecha estimada para el regreso, tras su retiro por las agresiones \nsufridas en los primeros meses de operaciones.<\/p>\n\n\n\n<p>\n&#8220;Adicional confirmamos que el \u00fanico representante de la empresa \nautorizado para ofrecer declaraciones a medios de comunicaci\u00f3n es: Sa\u00fal \nCrespo &#8211; Gerente de Comunicaci\u00f3n de Uber&#8221;, concluy\u00f3 el comunicado \nemitido por la compa\u00f1\u00eda.<\/p>\n<div class='share-to-whatsapp-wrapper'><div class='share-on-whsp'>Share on: <\/div><a data-text='Uber desmiente regreso a Quintana Roo en marzo' data-link='https:\/\/visionpeninsular.com\/mid\/uber-desmiente-regreso-quintana-roo-en-marzo\/' class='whatsapp-button whatsapp-share'>WhatsApp<\/a><div class='clear '><\/div><\/div>","protected":false},"excerpt":{"rendered":"<p>Uber desminti\u00f3 las versiones sobre su regreso a operaciones en Quintana Roo a finales de marzo y asegur\u00f3 que la informaci\u00f3n no fue dada por personal autorizado por la empresa. Esto luego de que varias versiones sobre su retorno luego de 15 meses al estado fueran difundidas por varios medios de comunicaci\u00f3n de la entidad. &hellip;<\/p>\n","protected":false},"author":1,"featured_media":74204,"comment_status":"open","ping_status":"open","sticky":false,"template":"","format":"standard","meta":{"_mi_skip_tracking":false},"categories":[48],"tags":[207],"_links":{"self":[{"href":"https:\/\/visionpeninsular.com\/mid\/wp-json\/wp\/v2\/posts\/74199"}],"collection":[{"href":"https:\/\/visionpeninsular.com\/mid\/wp-json\/wp\/v2\/posts"}],"about":[{"href":"https:\/\/visionpeninsular.com\/mid\/wp-json\/wp\/v2\/types\/post"}],"author":[{"embeddable":true,"href":"https:\/\/visionpeninsular.com\/mid\/wp-json\/wp\/v2\/users\/1"}],"replies":[{"embeddable":true,"href":"https:\/\/visionpeninsular.com\/mid\/wp-json\/wp\/v2\/comments?post=74199"}],"version-history":[{"count":1,"href":"https:\/\/visionpeninsular.com\/mid\/wp-json\/wp\/v2\/posts\/74199\/revisions"}],"predecessor-version":[{"id":74205,"href":"https:\/\/visionpeninsular.com\/mid\/wp-json\/wp\/v2\/posts\/74199\/revisions\/74205"}],"wp:featuredmedia":[{"embeddable":true,"href":"https:\/\/visionpeninsular.com\/mid\/wp-json\/wp\/v2\/media\/74204"}],"wp:attachment":[{"href":"https:\/\/visionpeninsular.com\/mid\/wp-json\/wp\/v2\/media?parent=74199"}],"wp:term":[{"taxonomy":"category","embeddable":true,"href":"https:\/\/visionpeninsular.com\/mid\/wp-json\/wp\/v2\/categories?post=74199"},{"taxonomy":"post_tag","embeddable":true,"href":"https:\/\/visionpeninsular.com\/mid\/wp-json\/wp\/v2\/tags?post=74199"}],"curies":[{"name":"wp","href":"https:\/\/api.w.org\/{rel}","templated":true}]}}