{"id":74099,"date":"2019-03-13T10:12:07","date_gmt":"2019-03-13T16:12:07","guid":{"rendered":"http:\/\/visionpeninsular.com\/mid\/?p=74099"},"modified":"2019-03-13T10:12:18","modified_gmt":"2019-03-13T16:12:18","slug":"presentara-la-segey-mas-de-50-variadas-actividades-en-la-filey","status":"publish","type":"post","link":"https:\/\/visionpeninsular.com\/mid\/presentara-la-segey-mas-de-50-variadas-actividades-en-la-filey\/","title":{"rendered":"Presentar\u00e1 la SEGEY  m\u00e1s de 50 variadas actividades en la FILEY"},"content":{"rendered":"\n<p><em>Presentaciones art\u00edsticas para toda la familia<\/em><\/p>\n\n\n\n<p>Con m\u00e1s de 55 actividades, entre charlas, talleres, danza,\nteatro y espect\u00e1culos musicales, la Secretar\u00eda de Educaci\u00f3n del Gobierno del\nEstado (SEGEY) participar\u00e1 en la octava edici\u00f3n de la Feria Internacional de la\nLectura Yucat\u00e1n (FILEY), que se llevar\u00e1 a cabo del 16 al 24 de marzo.<\/p>\n\n\n\n<p><em>Imaginaci\u00f3n a trav\u00e9s de la lectura<\/em><\/p>\n\n\n\n<p>En encuentro con medios de comunicaci\u00f3n, la directora\nGeneral de Desarrollo Educativo y Gesti\u00f3n Regional de la dependencia, Graciela\nCort\u00e9s Camarillo, indic\u00f3 que se ha dispuesto 60 camiones para que cerca de 12\nmil ni\u00f1as y ni\u00f1os estudiantes, tanto de la capital como del interior del\nestado, visiten esta muestra organizada por la Universidad Aut\u00f3noma de Yucat\u00e1n\n(UADY).<\/p>\n\n\n\n<p>\u201cEste a\u00f1o hemos elegido el lema \u2018Yo soy lector\u2019, como\nreferencia al derecho que tienen las y los ni\u00f1os de acercarse a las letras,\nfomentar su imaginaci\u00f3n y trascender, con todas las herramientas que les dan sus\nmaestras y maestros en los salones de clase\u201d, subray\u00f3 la funcionaria.<\/p>\n\n\n\n<p><em>Coloquios y talleres<\/em><\/p>\n\n\n\n<p>Destac\u00f3, entre la oferta de la SEGEY, el coloquio\n\u201cExperiencias exitosas de maestros distinguidos de Yucat\u00e1n\u201d, de Azurena Molina\nMolas, Enrique Ortiz Alonso y Marby Yerbes Ceballos, docentes que expondr\u00e1n su\nproceso para consolidar proyectos de ense\u00f1anza en favor de infantes y j\u00f3venes.<\/p>\n\n\n\n<p>El doctor en Letras V\u00edctor Bravo, profesor jubilado de la\nUniversidad de los Andes de Venezuela, impartir\u00e1 el taller \u201cSensibilizaci\u00f3n\npara la lectura de obras literarias\u201d. \u00c9ste es el \u00fanico evento que se realizar\u00e1\nen el Centro de Evaluaci\u00f3n Educativa (CEDE) \u201cPaulo Freire\u201d.<\/p>\n\n\n\n<p><em>Trabajos de los estudiantes<\/em><\/p>\n\n\n\n<p>Asimismo, se exhibir\u00e1 los trabajos de estudiantes del\ninterior del estado, que ganaron los concursos \u201cDivi\u00e9rtete leyendo en familia\u201d\ny \u201cLas ni\u00f1as y los ni\u00f1os migrantes\u201d a nivel nacional. El mi\u00e9rcoles 20, se les\notorgar\u00e1 un reconocimiento por su desempe\u00f1o.<\/p>\n\n\n\n<p>En el taller permanente \u201cEl rinconcito de la lectura\u201d, se\natender\u00e1 a cerca de 150 infantes por sesi\u00f3n, para fomentar el gusto por las letras\na trav\u00e9s de cuentos, f\u00e1bulas, loter\u00edas de autores y t\u00edteres. El espacio\nincluir\u00e1 un cuentacuentos en homenaje a la maestra y escritora Beatriz\nRodr\u00edguez Guillermo.<\/p>\n\n\n\n<p>Se realizar\u00e1 el coloquio \u201cAlas de libertad, reflexionemos\njuntos\u201d del 19 al 21, en el que se expondr\u00e1 trabajos acad\u00e9micos e\ninvestigaciones de la Casa de la Historia de la Educaci\u00f3n de Yucat\u00e1n y de los\nProgramas de Escuelas de Tiempo Completo, Estatal de Lectura y Escritura, Entre\nTodos y de Convivencia Escolar.<\/p>\n\n\n\n<p><em>Recorrido para estudiantes<\/em><\/p>\n\n\n\n<p>Por primera vez, tendr\u00e1n recorrido guiado las 80 personas\nque concluyeron su alfabetizaci\u00f3n en los Centros de Educaci\u00f3n B\u00e1sica para\nAdultos.<\/p>\n\n\n\n<p>De igual forma, 250 docentes y estudiantes del Centro\nEstatal de Bellas Artes (CEBA) presentar\u00e1n obras de teatro, un recital de\nm\u00fasica latinoamericana y seminarios que abordan la labor danc\u00edstica, como \u201cEl\nromanticismo a la vanguardia del ballet\u201d, que se impartir\u00e1 el 20 a las 19:00.<\/p>\n\n\n\n<p>En el stand 128, asignado a la Secretar\u00eda, y en el sitio\nwww.educacion.yucatan.gob.mx, se cuenta con informaci\u00f3n sobre los programas de\nactividades, enfocado en fomentar la lectura, y de talleres, que ser\u00e1 de\nbeneficio para la labor que desempe\u00f1an las y los docentes en sus aulas.- <\/p>\n\n\n\n<p>Comunicado de prensa<\/p>\n<div class='share-to-whatsapp-wrapper'><div class='share-on-whsp'>Share on: <\/div><a data-text='Presentar\u00e1 la SEGEY  m\u00e1s de 50 variadas actividades en la FILEY' data-link='https:\/\/visionpeninsular.com\/mid\/presentara-la-segey-mas-de-50-variadas-actividades-en-la-filey\/' class='whatsapp-button whatsapp-share'>WhatsApp<\/a><div class='clear '><\/div><\/div>","protected":false},"excerpt":{"rendered":"<p>Presentaciones art\u00edsticas para toda la familia Con m\u00e1s de 55 actividades, entre charlas, talleres, danza, teatro y espect\u00e1culos musicales, la Secretar\u00eda de Educaci\u00f3n del Gobierno del Estado (SEGEY) participar\u00e1 en la octava edici\u00f3n de la Feria Internacional de la Lectura Yucat\u00e1n (FILEY), que se llevar\u00e1 a cabo del 16 al 24 de marzo. Imaginaci\u00f3n a &hellip;<\/p>\n","protected":false},"author":5,"featured_media":74109,"comment_status":"open","ping_status":"open","sticky":false,"template":"","format":"standard","meta":{"_mi_skip_tracking":false},"categories":[50,37],"tags":[706,604,15177],"_links":{"self":[{"href":"https:\/\/visionpeninsular.com\/mid\/wp-json\/wp\/v2\/posts\/74099"}],"collection":[{"href":"https:\/\/visionpeninsular.com\/mid\/wp-json\/wp\/v2\/posts"}],"about":[{"href":"https:\/\/visionpeninsular.com\/mid\/wp-json\/wp\/v2\/types\/post"}],"author":[{"embeddable":true,"href":"https:\/\/visionpeninsular.com\/mid\/wp-json\/wp\/v2\/users\/5"}],"replies":[{"embeddable":true,"href":"https:\/\/visionpeninsular.com\/mid\/wp-json\/wp\/v2\/comments?post=74099"}],"version-history":[{"count":1,"href":"https:\/\/visionpeninsular.com\/mid\/wp-json\/wp\/v2\/posts\/74099\/revisions"}],"predecessor-version":[{"id":74113,"href":"https:\/\/visionpeninsular.com\/mid\/wp-json\/wp\/v2\/posts\/74099\/revisions\/74113"}],"wp:featuredmedia":[{"embeddable":true,"href":"https:\/\/visionpeninsular.com\/mid\/wp-json\/wp\/v2\/media\/74109"}],"wp:attachment":[{"href":"https:\/\/visionpeninsular.com\/mid\/wp-json\/wp\/v2\/media?parent=74099"}],"wp:term":[{"taxonomy":"category","embeddable":true,"href":"https:\/\/visionpeninsular.com\/mid\/wp-json\/wp\/v2\/categories?post=74099"},{"taxonomy":"post_tag","embeddable":true,"href":"https:\/\/visionpeninsular.com\/mid\/wp-json\/wp\/v2\/tags?post=74099"}],"curies":[{"name":"wp","href":"https:\/\/api.w.org\/{rel}","templated":true}]}}