{"id":73906,"date":"2019-03-12T17:52:02","date_gmt":"2019-03-12T23:52:02","guid":{"rendered":"http:\/\/visionpeninsular.com\/mid\/?p=73906"},"modified":"2019-03-12T17:52:09","modified_gmt":"2019-03-12T23:52:09","slug":"amlo-expondra-casos-de-jueces-modo","status":"publish","type":"post","link":"https:\/\/visionpeninsular.com\/mid\/amlo-expondra-casos-de-jueces-modo\/","title":{"rendered":"AMLO expondr\u00e1 casos de jueces a modo"},"content":{"rendered":"\n<p>El Presidente Andr\u00e9s Manuel L\u00f3pez Obrador anunci\u00f3 que los jueces que est\u00e9n al servicio de la delincuencia, que act\u00faen a modo ser\u00e1n expuestos p\u00fablicamente con quejas formales ante la Fiscal\u00eda General de la Rep\u00fablica (FGR). <\/p>\n\n\n\n<p>En este sentido explic\u00f3 que hay casos donde delincuentes son puestos en libertad por los jueces a s\u00f3lo cinco d\u00edas de ser detenidos, con justificaciones que van desde que no se cumpli\u00f3 con el debido proceso o que las carpetas de averoguacoon no est\u00e1n bien integradas. <\/p>\n\n\n\n<p>Explic\u00f3 que se reunir\u00e1 con los integrantes de la Corte para tener los detalles de estos casos y darlos a conocer p\u00fablicamente: &#8220;Porque de esta manera vamos limpiando. Porque sino todo queda en el anonimato\u2026 Porque si nos callamos nos convertimos en c\u00f3mplices&#8221;, concluy\u00f3. <\/p>\n<div class='share-to-whatsapp-wrapper'><div class='share-on-whsp'>Share on: <\/div><a data-text='AMLO expondr\u00e1 casos de jueces a modo' data-link='https:\/\/visionpeninsular.com\/mid\/amlo-expondra-casos-de-jueces-modo\/' class='whatsapp-button whatsapp-share'>WhatsApp<\/a><div class='clear '><\/div><\/div>","protected":false},"excerpt":{"rendered":"<p>El Presidente Andr\u00e9s Manuel L\u00f3pez Obrador anunci\u00f3 que los jueces que est\u00e9n al servicio de la delincuencia, que act\u00faen a modo ser\u00e1n expuestos p\u00fablicamente con quejas formales ante la Fiscal\u00eda General de la Rep\u00fablica (FGR). En este sentido explic\u00f3 que hay casos donde delincuentes son puestos en libertad por los jueces a s\u00f3lo cinco d\u00edas &hellip;<\/p>\n","protected":false},"author":1,"featured_media":73751,"comment_status":"open","ping_status":"open","sticky":false,"template":"","format":"standard","meta":{"_mi_skip_tracking":false},"categories":[50],"tags":[15155],"_links":{"self":[{"href":"https:\/\/visionpeninsular.com\/mid\/wp-json\/wp\/v2\/posts\/73906"}],"collection":[{"href":"https:\/\/visionpeninsular.com\/mid\/wp-json\/wp\/v2\/posts"}],"about":[{"href":"https:\/\/visionpeninsular.com\/mid\/wp-json\/wp\/v2\/types\/post"}],"author":[{"embeddable":true,"href":"https:\/\/visionpeninsular.com\/mid\/wp-json\/wp\/v2\/users\/1"}],"replies":[{"embeddable":true,"href":"https:\/\/visionpeninsular.com\/mid\/wp-json\/wp\/v2\/comments?post=73906"}],"version-history":[{"count":1,"href":"https:\/\/visionpeninsular.com\/mid\/wp-json\/wp\/v2\/posts\/73906\/revisions"}],"predecessor-version":[{"id":73911,"href":"https:\/\/visionpeninsular.com\/mid\/wp-json\/wp\/v2\/posts\/73906\/revisions\/73911"}],"wp:featuredmedia":[{"embeddable":true,"href":"https:\/\/visionpeninsular.com\/mid\/wp-json\/wp\/v2\/media\/73751"}],"wp:attachment":[{"href":"https:\/\/visionpeninsular.com\/mid\/wp-json\/wp\/v2\/media?parent=73906"}],"wp:term":[{"taxonomy":"category","embeddable":true,"href":"https:\/\/visionpeninsular.com\/mid\/wp-json\/wp\/v2\/categories?post=73906"},{"taxonomy":"post_tag","embeddable":true,"href":"https:\/\/visionpeninsular.com\/mid\/wp-json\/wp\/v2\/tags?post=73906"}],"curies":[{"name":"wp","href":"https:\/\/api.w.org\/{rel}","templated":true}]}}