{"id":72328,"date":"2019-03-03T07:36:55","date_gmt":"2019-03-03T13:36:55","guid":{"rendered":"http:\/\/visionpeninsular.com\/mid\/?p=72328"},"modified":"2019-03-03T07:37:06","modified_gmt":"2019-03-03T13:37:06","slug":"lo-dichoen-yucatan-si-hay-policia","status":"publish","type":"post","link":"https:\/\/visionpeninsular.com\/mid\/lo-dichoen-yucatan-si-hay-policia\/","title":{"rendered":"LO DICHO,EN YUCATAN SI HAY POLIC\u00cdA!"},"content":{"rendered":"\n<p>Elementos de la Polic\u00eda Estatal de Investigaci\u00f3n de la Secretar\u00eda de Seguridad P\u00fablica detuvieron al presunto asesino: David de Jes\u00fas S. B. alias \u201cEl Canelo\u201d, al Poniente de la capital yucateca. <\/p>\n\n\n\n<p>El Canelo es buscado por la Fiscal\u00eda General del Estado de Quintana Roo, por el homicidio en Canc\u00fan de dos elementos de la marina, cuyos cuerpos fueron localizados el pasado 24 de septiembre, maniatados y envueltos en s\u00e1bana, en la S\u00faper Manzana 65 de citado destino tur\u00edstico. <\/p>\n\n\n\n<p>Adem\u00e1s de ser buscado por el delito de homicidio Calificado y delitos contra la salud es considerado un delincuente de alta peligrosidad y de nexos con grupos de delincuencia organizada. <\/p>\n\n\n\n<p>El Canelo habr\u00eda llegado esta semana a M\u00e9rida, pero en colaboraci\u00f3n con la FGE del viernes vino Estado que solicit\u00f3 su b\u00fasqueda y aprehensi\u00f3n, se iniciaron las labores de localizaci\u00f3n que concluy\u00f3 con su detenci\u00f3n por parte de la SSP. <\/p>\n<div class='share-to-whatsapp-wrapper'><div class='share-on-whsp'>Share on: <\/div><a data-text='LO DICHO,EN YUCATAN SI HAY POLIC\u00cdA!' data-link='https:\/\/visionpeninsular.com\/mid\/lo-dichoen-yucatan-si-hay-policia\/' class='whatsapp-button whatsapp-share'>WhatsApp<\/a><div class='clear '><\/div><\/div>","protected":false},"excerpt":{"rendered":"<p>Elementos de la Polic\u00eda Estatal de Investigaci\u00f3n de la Secretar\u00eda de Seguridad P\u00fablica detuvieron al presunto asesino: David de Jes\u00fas S. B. alias \u201cEl Canelo\u201d, al Poniente de la capital yucateca. El Canelo es buscado por la Fiscal\u00eda General del Estado de Quintana Roo, por el homicidio en Canc\u00fan de dos elementos de la marina, &hellip;<\/p>\n","protected":false},"author":1,"featured_media":72329,"comment_status":"open","ping_status":"open","sticky":false,"template":"","format":"standard","meta":{"_mi_skip_tracking":false},"categories":[48,50],"tags":[7396,752],"_links":{"self":[{"href":"https:\/\/visionpeninsular.com\/mid\/wp-json\/wp\/v2\/posts\/72328"}],"collection":[{"href":"https:\/\/visionpeninsular.com\/mid\/wp-json\/wp\/v2\/posts"}],"about":[{"href":"https:\/\/visionpeninsular.com\/mid\/wp-json\/wp\/v2\/types\/post"}],"author":[{"embeddable":true,"href":"https:\/\/visionpeninsular.com\/mid\/wp-json\/wp\/v2\/users\/1"}],"replies":[{"embeddable":true,"href":"https:\/\/visionpeninsular.com\/mid\/wp-json\/wp\/v2\/comments?post=72328"}],"version-history":[{"count":1,"href":"https:\/\/visionpeninsular.com\/mid\/wp-json\/wp\/v2\/posts\/72328\/revisions"}],"predecessor-version":[{"id":72330,"href":"https:\/\/visionpeninsular.com\/mid\/wp-json\/wp\/v2\/posts\/72328\/revisions\/72330"}],"wp:featuredmedia":[{"embeddable":true,"href":"https:\/\/visionpeninsular.com\/mid\/wp-json\/wp\/v2\/media\/72329"}],"wp:attachment":[{"href":"https:\/\/visionpeninsular.com\/mid\/wp-json\/wp\/v2\/media?parent=72328"}],"wp:term":[{"taxonomy":"category","embeddable":true,"href":"https:\/\/visionpeninsular.com\/mid\/wp-json\/wp\/v2\/categories?post=72328"},{"taxonomy":"post_tag","embeddable":true,"href":"https:\/\/visionpeninsular.com\/mid\/wp-json\/wp\/v2\/tags?post=72328"}],"curies":[{"name":"wp","href":"https:\/\/api.w.org\/{rel}","templated":true}]}}