{"id":72269,"date":"2019-03-02T09:49:40","date_gmt":"2019-03-02T15:49:40","guid":{"rendered":"http:\/\/visionpeninsular.com\/mid\/?p=72269"},"modified":"2019-03-02T09:49:48","modified_gmt":"2019-03-02T15:49:48","slug":"yucatan-y-canada-firman-cooperacion-en-materia-de-justicia-penal-para-adolescentes","status":"publish","type":"post","link":"https:\/\/visionpeninsular.com\/mid\/yucatan-y-canada-firman-cooperacion-en-materia-de-justicia-penal-para-adolescentes\/","title":{"rendered":"Yucat\u00e1n y Canad\u00e1 firman cooperaci\u00f3n en materia de justicia penal para adolescentes"},"content":{"rendered":"\n<p>Con el fin de trabajar en un modelo \u00fanico de reinserci\u00f3n\nintegral de adolescentes, autoridades de Yucat\u00e1n y un equipo de la Secci\u00f3n de\nDesarrollo Internacional del Ministerio de Canad\u00e1 firmaron una carta intenci\u00f3n\npara el desarrollo de un proyecto piloto.<\/p>\n\n\n\n<p>\u00c9ste derivar\u00e1 en acciones para el desarrollo personal y\nfamiliar de dicho sector, mejorando su calidad de vida y generando\nconocimientos \u00fatiles para su adecuada incorporaci\u00f3n a la vida productiva tras\ncumplir su internamiento.<\/p>\n\n\n\n<p>Tras las sesiones conjuntas de cooperaci\u00f3n binacional, la\ntitular de la Secretar\u00eda General de Gobierno (SGG), Mar\u00eda Fritz Sierra, y la\nrepresentante canadiense, Carolyn Elliot-Magwood, signaron el documento que se\narticula con la Comisi\u00f3n Intersecretarial para la Reinserci\u00f3n Social de\nAdolescentes del Estado.<\/p>\n\n\n\n<p>Gracias a ello, se vincular\u00e1 a las secretar\u00edas de Estado,\nasociaciones civiles y dem\u00e1s especialistas en un fin com\u00fan: la reintegraci\u00f3n\nsocial y familiar de quienes han cumplido su sanci\u00f3n en el Centro Especializado\nen la Aplicaci\u00f3n de Medidas para Adolescentes (Ceama), a trav\u00e9s de servicios\npostpenales.<\/p>\n\n\n\n<p>\u201cEntre otros puntos, concluimos que el dise\u00f1o e\nimplementaci\u00f3n del proyecto piloto debe sustentarse sobre las bases de la\ncoordinaci\u00f3n interinstitucional, la especializaci\u00f3n, el establecimiento,\nseguimiento y cumplimiento de metas y compromisos, enfatiz\u00f3 Fritz Sierra ante\nel magistrado de la sala unitaria especializada en justicia para adolescentes\ndel Poder Judicial, Santiago Altamirano Escalante.<\/p>\n\n\n\n<p>La funcionaria se\u00f1al\u00f3 que esto, adem\u00e1s, implica un eficiente\nproceso de comunicaci\u00f3n social hacia la sociedad civil en general, un di\u00e1logo\nque va acorde con la visi\u00f3n del Gobernador Mauricio Vila Dosal de escuchar a\ntodas las voces en la toma de decisiones.<\/p>\n\n\n\n<p>El equipo de trabajo canadiense realiz\u00f3 una visita previa al\nestado para familiarizarse con la legislaci\u00f3n, metodolog\u00eda de trabajo,\noperaci\u00f3n e instalaciones de los organismos operadores y los relacionados con\nla justicia juvenil.<\/p>\n\n\n\n<p>Entre las instituciones visitadas se encuentra el Ceama, el\nCentro Estatal de Prevenci\u00f3n Social del Delito y Participaci\u00f3n Ciudadana\n(Cepredey), la Fiscal\u00eda General del Estado (FGE) y el Tribunal Superior de\nJusticia (TSJ).<\/p>\n\n\n\n<p>Acompa\u00f1ada del consejero Jur\u00eddico, Mauricio Tappan Silveira,\nla responsable de la pol\u00edtica interior del estado cit\u00f3 a la antrop\u00f3loga\nmexicana Elena Azaola Garrido, quien dice que \u201cM\u00e9xico debe construir una\npol\u00edtica de reinserci\u00f3n social para adolescentes, puesto que, lo que se halla\nen juego, es la posibilidad de dotar a la juventud de herramientas que les\npermitan reincorporarse de manera sana y productiva a la sociedad; o bien, la\nde arraigarlos en una carrera delictiva\u201d.<\/p>\n\n\n\n<p>La Ley Nacional del Sistema Integral de Justicia Penal para\nAdolescentes, as\u00ed como el Acuerdo 70\/2017, por el que se regula la Comisi\u00f3n\nIntersecretarial para la Reinserci\u00f3n Social de Adolescentes del Estado de\nYucat\u00e1n, sustentan el desarrollo e implementaci\u00f3n de este proyecto piloto.<\/p>\n\n\n\n<p>Dichas sesiones, en palabras de Fritz Sierra, se convierten\nen \u201cel inicio de este camino que habremos de recorrer respecto a la justicia\njuvenil en nuestro estado, generando conocimientos \u00fatiles que abarquen los tres\naspectos principales: el individual, el institucional y el metodol\u00f3gico, y para\nello, por nuestra parte, no escatimaremos esfuerzo alguno\u201d.<\/p>\n\n\n\n<p>Desde la sala de juntas de la SGG, atestiguaron la\ncelebraci\u00f3n de este acuerdo el subsecretario de Prevenci\u00f3n y Reinserci\u00f3n\nSocial, Fernando Rosel Flores, y el director del Ceama, Didier Escalante Vega.\nEn tanto, por Canad\u00e1 asistieron las directoras del grupo de Gobernanza y\nJusticia, Kimberly Inksater, y de Desarrollo Internacional, Lia Bellefontaine,\nas\u00ed como Melanie Bania y Vanessa Alvarado, ambas del servicio de la Juventud.<\/p>\n<div class='share-to-whatsapp-wrapper'><div class='share-on-whsp'>Share on: <\/div><a data-text='Yucat\u00e1n y Canad\u00e1 firman cooperaci\u00f3n en materia de justicia penal para adolescentes' data-link='https:\/\/visionpeninsular.com\/mid\/yucatan-y-canada-firman-cooperacion-en-materia-de-justicia-penal-para-adolescentes\/' class='whatsapp-button whatsapp-share'>WhatsApp<\/a><div class='clear '><\/div><\/div>","protected":false},"excerpt":{"rendered":"<p>Con el fin de trabajar en un modelo \u00fanico de reinserci\u00f3n integral de adolescentes, autoridades de Yucat\u00e1n y un equipo de la Secci\u00f3n de Desarrollo Internacional del Ministerio de Canad\u00e1 firmaron una carta intenci\u00f3n para el desarrollo de un proyecto piloto. \u00c9ste derivar\u00e1 en acciones para el desarrollo personal y familiar de dicho sector, mejorando &hellip;<\/p>\n","protected":false},"author":5,"featured_media":72274,"comment_status":"open","ping_status":"open","sticky":false,"template":"","format":"standard","meta":{"_mi_skip_tracking":false},"categories":[50,37],"tags":[185,6956,3861,14966],"_links":{"self":[{"href":"https:\/\/visionpeninsular.com\/mid\/wp-json\/wp\/v2\/posts\/72269"}],"collection":[{"href":"https:\/\/visionpeninsular.com\/mid\/wp-json\/wp\/v2\/posts"}],"about":[{"href":"https:\/\/visionpeninsular.com\/mid\/wp-json\/wp\/v2\/types\/post"}],"author":[{"embeddable":true,"href":"https:\/\/visionpeninsular.com\/mid\/wp-json\/wp\/v2\/users\/5"}],"replies":[{"embeddable":true,"href":"https:\/\/visionpeninsular.com\/mid\/wp-json\/wp\/v2\/comments?post=72269"}],"version-history":[{"count":1,"href":"https:\/\/visionpeninsular.com\/mid\/wp-json\/wp\/v2\/posts\/72269\/revisions"}],"predecessor-version":[{"id":72279,"href":"https:\/\/visionpeninsular.com\/mid\/wp-json\/wp\/v2\/posts\/72269\/revisions\/72279"}],"wp:featuredmedia":[{"embeddable":true,"href":"https:\/\/visionpeninsular.com\/mid\/wp-json\/wp\/v2\/media\/72274"}],"wp:attachment":[{"href":"https:\/\/visionpeninsular.com\/mid\/wp-json\/wp\/v2\/media?parent=72269"}],"wp:term":[{"taxonomy":"category","embeddable":true,"href":"https:\/\/visionpeninsular.com\/mid\/wp-json\/wp\/v2\/categories?post=72269"},{"taxonomy":"post_tag","embeddable":true,"href":"https:\/\/visionpeninsular.com\/mid\/wp-json\/wp\/v2\/tags?post=72269"}],"curies":[{"name":"wp","href":"https:\/\/api.w.org\/{rel}","templated":true}]}}