{"id":7195,"date":"2016-07-08T06:41:04","date_gmt":"2016-07-08T11:41:04","guid":{"rendered":"http:\/\/visionpeninsular.com\/mid\/?p=7195"},"modified":"2016-07-08T06:41:04","modified_gmt":"2016-07-08T11:41:04","slug":"semar-rescata-a-jamaiquinos-cuyo-buque-fallo-en-alta-mar","status":"publish","type":"post","link":"https:\/\/visionpeninsular.com\/mid\/semar-rescata-a-jamaiquinos-cuyo-buque-fallo-en-alta-mar\/","title":{"rendered":"SEMAR rescata a jamaiquinos cuyo buque fallo en alta mar"},"content":{"rendered":"<p>Tras 16 d\u00edas a la deriva en el mar, tres jamaiquinos fueron rescatados por elementos de la Secretar\u00eda de Marina-Armada de M\u00e9xico (SEMAR).<\/p>\n<p>De acuerdo al informe de la dependencia, el rescate tuvo lugar despu\u00e9s de que el nav\u00edo tur\u00edstico &#8220;Takituri2 reportara que frente a Akumal hab\u00eda una embarcaci\u00f3n por lo que se notific\u00f3 a la Capitan\u00eda del Puerto en Playa del Carmen. <\/p>\n<p>La SEMAR moviliz\u00f3 una embarcaci\u00f3n Defender para el rescate de los pasajeros de citado buque, que al parecer sufri\u00f3 una falla mec\u00e1nica del motor de propulsi\u00f3n. <\/p>\n<p>Les fueron brindados primeros auxilios debido a su alto nivel de deshidrataci\u00f3n, adem\u00e1s tuvieron que ser trasladados para atenci\u00f3n m\u00e9dica al Sector Naval en Cozumel. <\/p>\n<p>Posteriormente fueron entregados a las autoridades del Instituto Nacional de Migraci\u00f3n (INM) para los tr\u00e1mites legales correspondientes.<\/p>\n<div class='share-to-whatsapp-wrapper'><div class='share-on-whsp'>Share on: <\/div><a data-text='SEMAR rescata a jamaiquinos cuyo buque fallo en alta mar' data-link='https:\/\/visionpeninsular.com\/mid\/semar-rescata-a-jamaiquinos-cuyo-buque-fallo-en-alta-mar\/' class='whatsapp-button whatsapp-share'>WhatsApp<\/a><div class='clear '><\/div><\/div>","protected":false},"excerpt":{"rendered":"<p>Tras 16 d\u00edas a la deriva en el mar, tres jamaiquinos fueron rescatados por elementos de la Secretar\u00eda de Marina-Armada de M\u00e9xico (SEMAR). De acuerdo al informe de la dependencia, el rescate tuvo lugar despu\u00e9s de que el nav\u00edo tur\u00edstico &#8220;Takituri2 reportara que frente a Akumal hab\u00eda una embarcaci\u00f3n por lo que se notific\u00f3 a &hellip;<\/p>\n","protected":false},"author":1,"featured_media":7196,"comment_status":"open","ping_status":"open","sticky":false,"template":"","format":"standard","meta":{"_mi_skip_tracking":false},"categories":[48],"tags":[618,1496],"_links":{"self":[{"href":"https:\/\/visionpeninsular.com\/mid\/wp-json\/wp\/v2\/posts\/7195"}],"collection":[{"href":"https:\/\/visionpeninsular.com\/mid\/wp-json\/wp\/v2\/posts"}],"about":[{"href":"https:\/\/visionpeninsular.com\/mid\/wp-json\/wp\/v2\/types\/post"}],"author":[{"embeddable":true,"href":"https:\/\/visionpeninsular.com\/mid\/wp-json\/wp\/v2\/users\/1"}],"replies":[{"embeddable":true,"href":"https:\/\/visionpeninsular.com\/mid\/wp-json\/wp\/v2\/comments?post=7195"}],"version-history":[{"count":1,"href":"https:\/\/visionpeninsular.com\/mid\/wp-json\/wp\/v2\/posts\/7195\/revisions"}],"predecessor-version":[{"id":7197,"href":"https:\/\/visionpeninsular.com\/mid\/wp-json\/wp\/v2\/posts\/7195\/revisions\/7197"}],"wp:featuredmedia":[{"embeddable":true,"href":"https:\/\/visionpeninsular.com\/mid\/wp-json\/wp\/v2\/media\/7196"}],"wp:attachment":[{"href":"https:\/\/visionpeninsular.com\/mid\/wp-json\/wp\/v2\/media?parent=7195"}],"wp:term":[{"taxonomy":"category","embeddable":true,"href":"https:\/\/visionpeninsular.com\/mid\/wp-json\/wp\/v2\/categories?post=7195"},{"taxonomy":"post_tag","embeddable":true,"href":"https:\/\/visionpeninsular.com\/mid\/wp-json\/wp\/v2\/tags?post=7195"}],"curies":[{"name":"wp","href":"https:\/\/api.w.org\/{rel}","templated":true}]}}