{"id":71680,"date":"2019-02-25T04:00:12","date_gmt":"2019-02-25T10:00:12","guid":{"rendered":"http:\/\/visionpeninsular.com\/mid\/?p=71680"},"modified":"2019-02-24T22:37:29","modified_gmt":"2019-02-25T04:37:29","slug":"majestuosa-coronacion-de-los-reyes-juveniles-e-infantiles-de-el-nuevo-carnaval-la-fiesta-de-merida-2019","status":"publish","type":"post","link":"https:\/\/visionpeninsular.com\/mid\/majestuosa-coronacion-de-los-reyes-juveniles-e-infantiles-de-el-nuevo-carnaval-la-fiesta-de-merida-2019\/","title":{"rendered":"Majestuosa coronaci\u00f3n de los reyes juveniles e infantiles de &#8220;El Nuevo Carnaval, La Fiesta de M\u00e9rida 2019&#8221;"},"content":{"rendered":"\n<p><em>El Nuevo Carnaval estrena el espect\u00e1culo \u201cMay\u00e1 y la semilla de la sabidur\u00eda\u201d<\/em><\/p>\n\n\n\n<p>En una noche marcada por la majestuosidad y el colorido que\ndistingue la fiesta m\u00e1s alegre de M\u00e9rida, se llev\u00f3 a cabo la coronaci\u00f3n de los\nreyes infantiles y juveniles de &#8220;El Nuevo Carnaval, La Fiesta de M\u00e9rida\n2019&#8221;.<\/p>\n\n\n\n<p>Con una afluencia de cientos de personas, el auditorio de La\nIsla M\u00e9rida fue marco de esta velada carnavalesca, en la que el alcalde Ren\u00e1n\nBarrera Concha, acompa\u00f1ado de su esposa Diana Castillo Laviada, coron\u00f3 a los\nsoberanos infantiles, y la regidora Nora Argelia P\u00e9rez Pech y el Secretario\nEjecutivo del Comit\u00e9 Permanente del Carnaval Oscar Cambranes Basulto a los\nreyes juveniles, todo en un ambiente de m\u00fasica, alegr\u00eda y color.<\/p>\n\n\n\n<p>Los reyes coronados este s\u00e1bado son Sarah Camila Garc\u00eda\nGarc\u00eda y Hugo Andr\u00e9s Pech Arispuro, soberanos infantiles; y Ana Paola Cim\u00e9\nG\u00f3ngora y Jair Israel Herrera Novelo, juveniles.<\/p>\n\n\n\n<p>El Primer Edil, tambi\u00e9n acompa\u00f1ado de sus hijos Ren\u00e1n y\nDaniela, manifest\u00f3 que el nuevo carnaval de M\u00e9rida buscar\u00e1 consolidarse como\nuno de los mejores a nivel nacional e internacional, con una gran diversidad de\nsus espect\u00e1culos art\u00edsticos y culturales, adem\u00e1s de que es una fiesta 100%\nsegura y de sana convivencia familiar.<\/p>\n\n\n\n<p>\u2014Este a\u00f1o tendremos un Carnaval orientado a la\nsustentabilidad, pero lo m\u00e1s importante es que es un carnaval ciento por ciento\nfamiliar y seguro, donde vamos a divertirnos y al mismo tiempo aprender con\nactividades l\u00fadicas para las familias en un ambiente de sana convivencia\u2014dijo.<\/p>\n\n\n\n<p>Agreg\u00f3 que el nuevo Carnaval es una tradici\u00f3n que simboliza\nla cohesi\u00f3n social, donde el empresariado yucateco y nacional ven oportunidades\npara el desarrollo de la cultura y el turismo.<\/p>\n\n\n\n<p>Invit\u00f3 a toda la gente a asistir del 1 al 5 de marzo a\ndisfrutar de los paseos a Plaza Carnaval, donde este a\u00f1o habr\u00e1 innovaciones en\nsus instalaciones para brindar mayor seguridad y diversi\u00f3n a los asistentes.<\/p>\n\n\n\n<p>\u2014El Carnaval de M\u00e9rida ha evolucionado cualitativamente en\nseis a\u00f1os desde que retomamos los festejos en Plaza Carnaval, con instalaciones\nm\u00e1s adecuadas, con mayor seguridad y organizaci\u00f3n sin afectar la din\u00e1mica\necon\u00f3mica y tur\u00edstica de la ciudad\u2014asever\u00f3.<\/p>\n\n\n\n<p>Esta fue la segunda de tres coronaciones que por primera vez\nse organizan de manera separada para disfrute de todos. La pr\u00f3xima coronaci\u00f3n\nse llevar\u00e1 a cabo en el marco de la \u201cQuema del mal humor\u201d, el mi\u00e9rcoles 27 a\nlas 20 horas en la explanada de la Central de Abastos.<\/p>\n\n\n\n<p>Luego del evento de coronaci\u00f3n de este s\u00e1bado, se present\u00f3\npor primera vez el espect\u00e1culo \u201cMay\u00e1 y la semilla de la sabidur\u00eda\u201d, un show de\nteatro musical producido exclusivamente para el Carnaval de M\u00e9rida, con\nbailarines, personajes, m\u00fasica y libretos originales y la participaci\u00f3n\nespecial de los reyes infantiles y juveniles.<\/p>\n\n\n\n<p>Para cerrar la noche tambi\u00e9n se cont\u00f3 con el showcase del\ngrupo juvenil de pop \u201cCharlie &amp; Joss\u201d cuyos integrantes robaron suspiros y\nrecibieron piropos de sus fans.<\/p>\n\n\n\n<p>\u201cMay\u00e1 y la semilla de la sabidur\u00eda\u201d se estar\u00e1 presentando en\nvivo en varias funciones durante el Carnaval, del 1 al 5 de marzo, en el Lienzo\nCharro de Plaza Carnaval. Los horarios son los siguientes: viernes 1 de marzo\n17:30 y 19:30 horas; s\u00e1bado 2 a las 17:00, 19:00 p.m. y 21:45 horas; domingo 3\na las 16:30 y 18:30 horas; lunes 4 en funciones de 17:00, 18:45 y 21:45 horas;\ny finalmente el martes 5 a las 16:30 y 18:30 horas.<\/p>\n<div class='share-to-whatsapp-wrapper'><div class='share-on-whsp'>Share on: <\/div><a data-text='Majestuosa coronaci\u00f3n de los reyes juveniles e infantiles de \"El Nuevo Carnaval, La Fiesta de M\u00e9rida 2019\"' data-link='https:\/\/visionpeninsular.com\/mid\/majestuosa-coronacion-de-los-reyes-juveniles-e-infantiles-de-el-nuevo-carnaval-la-fiesta-de-merida-2019\/' class='whatsapp-button whatsapp-share'>WhatsApp<\/a><div class='clear '><\/div><\/div>","protected":false},"excerpt":{"rendered":"<p>El Nuevo Carnaval estrena el espect\u00e1culo \u201cMay\u00e1 y la semilla de la sabidur\u00eda\u201d En una noche marcada por la majestuosidad y el colorido que distingue la fiesta m\u00e1s alegre de M\u00e9rida, se llev\u00f3 a cabo la coronaci\u00f3n de los reyes infantiles y juveniles de &#8220;El Nuevo Carnaval, La Fiesta de M\u00e9rida 2019&#8221;. Con una afluencia &hellip;<\/p>\n","protected":false},"author":5,"featured_media":71681,"comment_status":"open","ping_status":"open","sticky":false,"template":"","format":"standard","meta":{"_mi_skip_tracking":false},"categories":[50,37],"tags":[41,14871,14577,14556,5338],"_links":{"self":[{"href":"https:\/\/visionpeninsular.com\/mid\/wp-json\/wp\/v2\/posts\/71680"}],"collection":[{"href":"https:\/\/visionpeninsular.com\/mid\/wp-json\/wp\/v2\/posts"}],"about":[{"href":"https:\/\/visionpeninsular.com\/mid\/wp-json\/wp\/v2\/types\/post"}],"author":[{"embeddable":true,"href":"https:\/\/visionpeninsular.com\/mid\/wp-json\/wp\/v2\/users\/5"}],"replies":[{"embeddable":true,"href":"https:\/\/visionpeninsular.com\/mid\/wp-json\/wp\/v2\/comments?post=71680"}],"version-history":[{"count":1,"href":"https:\/\/visionpeninsular.com\/mid\/wp-json\/wp\/v2\/posts\/71680\/revisions"}],"predecessor-version":[{"id":71682,"href":"https:\/\/visionpeninsular.com\/mid\/wp-json\/wp\/v2\/posts\/71680\/revisions\/71682"}],"wp:featuredmedia":[{"embeddable":true,"href":"https:\/\/visionpeninsular.com\/mid\/wp-json\/wp\/v2\/media\/71681"}],"wp:attachment":[{"href":"https:\/\/visionpeninsular.com\/mid\/wp-json\/wp\/v2\/media?parent=71680"}],"wp:term":[{"taxonomy":"category","embeddable":true,"href":"https:\/\/visionpeninsular.com\/mid\/wp-json\/wp\/v2\/categories?post=71680"},{"taxonomy":"post_tag","embeddable":true,"href":"https:\/\/visionpeninsular.com\/mid\/wp-json\/wp\/v2\/tags?post=71680"}],"curies":[{"name":"wp","href":"https:\/\/api.w.org\/{rel}","templated":true}]}}