{"id":6991,"date":"2016-07-06T06:29:11","date_gmt":"2016-07-06T11:29:11","guid":{"rendered":"http:\/\/visionpeninsular.com\/mid\/?p=6991"},"modified":"2016-07-06T06:29:11","modified_gmt":"2016-07-06T11:29:11","slug":"entregan-primer-volumen-de-campeche-crecer-en-grande-proyecto-editorial-para-promocionar-al-estado","status":"publish","type":"post","link":"https:\/\/visionpeninsular.com\/mid\/entregan-primer-volumen-de-campeche-crecer-en-grande-proyecto-editorial-para-promocionar-al-estado\/","title":{"rendered":"Entregan primer volumen de \u201cCampeche Crecer en Grande\u201d &#8211; Proyecto editorial para promocionar al Estado"},"content":{"rendered":"<p>La administraci\u00f3n estatal 2015-2021, a trav\u00e9s de la Secretar\u00eda de Cultura, present\u00f3 su primer proyecto editorial titulado Este es Campeche se\u00f1ores, como parte de la colecci\u00f3n \u201cCampeche Crecer en Grande\u201d, y en cuyas p\u00e1ginas se invita al lector a realizar un recorrido por la ciudad de San Francisco de Campeche, sus calles, gastronom\u00eda,recinto amurallado, barrios y casonas.<\/p>\n<p>El primer volumen fue entregado la noche de este martes al gobernador Alejandro Moreno C\u00e1rdenas, quien encabez\u00f3 la ceremonia de presentaci\u00f3n en el Centro Cultural \u201cEl Claustro\u201d.<\/p>\n<p>Al hacer uso de la palabra, el secretario de Cultura, Delio Carrillo P\u00e9rez explic\u00f3 que el Gobernador de Campeche, desde el inicio de su gesti\u00f3n, instruy\u00f3 a concebir un proyecto editorial que contemple la historia, el patrimonio y la literatura como un compromiso para contribuir al fortalecimiento de la entidad, del talento de los creadores campechanos, as\u00ed como del patrimonio cultural para impulsar al desarrollo de Campeche.<\/p>\n<p>Dijo que la colecci\u00f3n dar\u00e1 cabida a la cultura en todo su conjunto: al Campeche de las comunidades, al de las fiestas patronales, de las zonas arqueol\u00f3gicas, de sus cantares y de su poes\u00eda.<\/p>\n<p>Este primer ejemplar est\u00e1 dedicado a la ciudad de San Francisco de Campeche, y permitir\u00e1 realizar un paseo por el Campeche antiguo pero con el atractivo de la fotograf\u00eda actual, resultado de la visi\u00f3n de artistas de la lente, coment\u00f3.<\/p>\n<p>Se\u00f1al\u00f3 que la publicaci\u00f3n es una propuesta b\u00e1sicamente visual, llena de creatividad y resultado del trabajo en conjunto de dise\u00f1adores, complementada con informaci\u00f3n sencilla pero puntual de especialistas que conforman el nuevo Centro de Investigaciones del Patrimonio Hist\u00f3rico de Campeche.<\/p>\n<p>\u201cLa intenci\u00f3n es realizar un recorrido a trav\u00e9s del tiempo, como un andar de la mano de un campechano anfitri\u00f3n, atemporal, amante y conocedor de lo nuestro, visto desde las paredes que retumban con su voz inmemorial; es un paseo que inicia en el antiguo barrio de San Francisco, primer asentamiento espa\u00f1ol en el antiguo Campeche, y nos llevar\u00e1 hasta el recinto intramuros y sus barrios tradicionales\u201d, explic\u00f3.<\/p>\n<p>Coment\u00f3 que tambi\u00e9n se muestran estampas del patrimonio intangible, la ferviente creencia religiosa al Cristo Negro de San Rom\u00e1n, los platillos marinos, el vestido de la campechana y lo variado de la sociedad.<\/p>\n<p>Posteriormente, la presentadora de libro, Graciela Mota Botello, presidenta del grupo ICOMOS, indic\u00f3 que el volumen es un tema obligado a quien quiera entrar en la narrativa elocuente de la arquitectura. \u201cEste es un libro que espunto de referencia y de una gran calidad editorial con idea est\u00e9tica que se funde con la imagen y la comparaci\u00f3n entre el presente y pasado\u201d.<\/p>\n<p>Enfatiz\u00f3: \u201cEl Centro Hist\u00f3rico de Campeche es un deleite caminarlo, que nos lleva a comprender un pasado que ya no es, para convertir un futuro que va m\u00e1s all\u00e1 de un asunto econ\u00f3mico y comercial.<\/p>\n<p>Mencion\u00f3 que si bien el patrimonio y los derechos humanos tienen que ir de la mano, no s\u00f3lo tienen que ser motivo de ideologizaci\u00f3nni de clientela, sino deben responder a acciones y hechos concretos que le den nueva vida a las ciudades patrimonio.<\/p>\n<p>Luego, el cronista de la ciudad, Jos\u00e9 Manuel Alcocer Bern\u00e9s indic\u00f3 que el libro Este es Campeche se\u00f1ores, es un homenaje a la identidad campechana, \u201cque nos brinda los derroteros para conocer de d\u00f3nde venimos y hacia d\u00f3nde vamos, y servir\u00e1 adem\u00e1s para crear una ventana al mundo del universo cultural campechano, en el que las artes y el patrimonio sean expuestos para propios y para aquellos que \u00e1vidos, busquen abrir sus p\u00e1ginas para conocernos mejor\u201d.<\/p>\n<p>Entre los asistentes estuvieron: los presidentes del Tribunal Superior de Justicia, Carlos Felipe Ortega Rubio, y de la Junta de Gobierno y Administraci\u00f3n del Congreso del Estado, Ram\u00f3n M\u00e9ndez Lanz, y el rector de la Universidad Aut\u00f3noma de Campeche, Gerardo Montero P\u00e9rez.<\/p>\n<p>Bolet\u00edn <\/p>\n<div class='share-to-whatsapp-wrapper'><div class='share-on-whsp'>Share on: <\/div><a data-text='Entregan primer volumen de \u201cCampeche Crecer en Grande\u201d - Proyecto editorial para promocionar al Estado' data-link='https:\/\/visionpeninsular.com\/mid\/entregan-primer-volumen-de-campeche-crecer-en-grande-proyecto-editorial-para-promocionar-al-estado\/' class='whatsapp-button whatsapp-share'>WhatsApp<\/a><div class='clear '><\/div><\/div>","protected":false},"excerpt":{"rendered":"<p>La administraci\u00f3n estatal 2015-2021, a trav\u00e9s de la Secretar\u00eda de Cultura, present\u00f3 su primer proyecto editorial titulado Este es Campeche se\u00f1ores, como parte de la colecci\u00f3n \u201cCampeche Crecer en Grande\u201d, y en cuyas p\u00e1ginas se invita al lector a realizar un recorrido por la ciudad de San Francisco de Campeche, sus calles, gastronom\u00eda,recinto amurallado, barrios &hellip;<\/p>\n","protected":false},"author":1,"featured_media":6992,"comment_status":"open","ping_status":"open","sticky":false,"template":"","format":"standard","meta":{"_mi_skip_tracking":false},"categories":[46,1],"tags":[1451,77],"_links":{"self":[{"href":"https:\/\/visionpeninsular.com\/mid\/wp-json\/wp\/v2\/posts\/6991"}],"collection":[{"href":"https:\/\/visionpeninsular.com\/mid\/wp-json\/wp\/v2\/posts"}],"about":[{"href":"https:\/\/visionpeninsular.com\/mid\/wp-json\/wp\/v2\/types\/post"}],"author":[{"embeddable":true,"href":"https:\/\/visionpeninsular.com\/mid\/wp-json\/wp\/v2\/users\/1"}],"replies":[{"embeddable":true,"href":"https:\/\/visionpeninsular.com\/mid\/wp-json\/wp\/v2\/comments?post=6991"}],"version-history":[{"count":1,"href":"https:\/\/visionpeninsular.com\/mid\/wp-json\/wp\/v2\/posts\/6991\/revisions"}],"predecessor-version":[{"id":6994,"href":"https:\/\/visionpeninsular.com\/mid\/wp-json\/wp\/v2\/posts\/6991\/revisions\/6994"}],"wp:featuredmedia":[{"embeddable":true,"href":"https:\/\/visionpeninsular.com\/mid\/wp-json\/wp\/v2\/media\/6992"}],"wp:attachment":[{"href":"https:\/\/visionpeninsular.com\/mid\/wp-json\/wp\/v2\/media?parent=6991"}],"wp:term":[{"taxonomy":"category","embeddable":true,"href":"https:\/\/visionpeninsular.com\/mid\/wp-json\/wp\/v2\/categories?post=6991"},{"taxonomy":"post_tag","embeddable":true,"href":"https:\/\/visionpeninsular.com\/mid\/wp-json\/wp\/v2\/tags?post=6991"}],"curies":[{"name":"wp","href":"https:\/\/api.w.org\/{rel}","templated":true}]}}