{"id":69871,"date":"2019-02-18T21:57:56","date_gmt":"2019-02-19T03:57:56","guid":{"rendered":"http:\/\/visionpeninsular.com\/mid\/?p=69871"},"modified":"2019-02-18T21:58:00","modified_gmt":"2019-02-19T03:58:00","slug":"carnaval-de-campeche-2019-inicia-con-musica-y-alegria","status":"publish","type":"post","link":"https:\/\/visionpeninsular.com\/mid\/carnaval-de-campeche-2019-inicia-con-musica-y-alegria\/","title":{"rendered":"Carnaval de Campeche 2019 inicia con m\u00fasica y alegr\u00eda"},"content":{"rendered":"\n<p>Bailes, m\u00fasica y alegr\u00eda levantaron el tel\u00f3n del Carnaval de Campeche 2019.<\/p>\n\n\n\n<blockquote class=\"wp-block-quote\"><p>Es\n el inicio del carnaval, hoy iniciamos con este baile precarnavalesco, \nes un conjunto de reyes que se presentan con sus comparsas y pues esta \nnoche es para empezar el carnaval\u201d, dijo Jos\u00e9 Romero Hern\u00e1ndez, rey \nparticipante.<\/p><p>Es una bonita tradici\u00f3n que tenemos, porque es algo \nque nos representa como tal, el tener un tiempo para desatarnos y \ndisfrutar m\u00e1s de lo normal\u201d, indic\u00f3 Mar\u00eda Sulub Valdez, reina \nparticipante.<\/p><\/blockquote>\n\n\n\n<p>M\u00e1s de 800 artistas y 40 alegres \ncomparsas de diversos institutos educativos y asociaciones civiles \ndeleitaron con alegr\u00eda a los asistentes durante el baile precarnavalesco\n 2019.<\/p>\n\n\n\n<blockquote class=\"wp-block-quote\"><p>Una de las mejores tradiciones que tenemos aqu\u00ed\n en Campeche, la verdad, es muy colorida, baile, diversi\u00f3n y as\u00ed\u201d, \ncoment\u00f3 Yadira Quijano, participante.<\/p><\/blockquote>\n\n\n\n<p>Se trata del m\u00e1ximo festejo popular del estado de Campeche en el que miles de campechanos salen a las calles a celebrar.<\/p>\n\n\n\n<h4>PARTICIPAN M\u00c1S DE 30 COMPARSAS JUVENILES<\/h4>\n\n\n\n<p>Como parte de los \nfestejos del carnaval de Campeche, m\u00e1s de 300 bailarines participaron en\n la exhibici\u00f3n de m\u00e1s de 30 comparsas juveniles.<\/p>\n\n\n\n<blockquote class=\"wp-block-quote\"><p>Hay \nmuchos bailes, mucho color, que es lo que representa lo que es M\u00e9xico y \npues aqu\u00ed damos todo de nosotros con mucha pasi\u00f3n y cari\u00f1o para todos, \npara que vean lo que es el baile y lo mucho que nos divertimos \nbailando\u201d, dijo Ana Puch Carabeo, participante.<\/p><\/blockquote>\n\n\n\n<p>Bailes y alegr\u00eda, levantaron los \u00e1nimos a cientos de campechanos en el festejo m\u00e1s popular de Campeche.<\/p>\n\n\n\n<blockquote class=\"wp-block-quote\"><p>Te\n puedes divertir, puedes convivir, es una tradici\u00f3n que tienen los \ncampechanos para festejar a los reyes con los ciudadanos\u201d, dijo Alicia \nGuzm\u00e1n, participante.<\/p><p>El carnaval es una \u00e9poca muy bonita para m\u00ed,\n es una bella tradici\u00f3n, es el tercer a\u00f1o que participo por lo mismo, \nporque me encanta, un carnaval se vive con mucha alegr\u00eda, con mucha \neuforia, con mucho entusiasmo\u201d, se\u00f1al\u00f3 Guadalupe Hern\u00e1ndez, \nparticipante.<\/p><p>Me gustan mucho los bailes que hacen y todo eso y en\n el bando como sale la gente y la reina, todos as\u00ed bailando con \ndisfraces\u201d, dijo Am\u00e9rica P\u00e9rez, participante.<\/p><\/blockquote>\n\n\n\n<p>Con la \ntradicional algarab\u00eda de los campechanos, la ciudad amurallada dejar\u00e1 \natr\u00e1s su tranquilidad durante 17 d\u00edas y sus noches para celebrar los 437\n a\u00f1os del Carnaval Campechano.<\/p>\n<div class='share-to-whatsapp-wrapper'><div class='share-on-whsp'>Share on: <\/div><a data-text='Carnaval de Campeche 2019 inicia con m\u00fasica y alegr\u00eda' data-link='https:\/\/visionpeninsular.com\/mid\/carnaval-de-campeche-2019-inicia-con-musica-y-alegria\/' class='whatsapp-button whatsapp-share'>WhatsApp<\/a><div class='clear '><\/div><\/div>","protected":false},"excerpt":{"rendered":"<p>Bailes, m\u00fasica y alegr\u00eda levantaron el tel\u00f3n del Carnaval de Campeche 2019. Es el inicio del carnaval, hoy iniciamos con este baile precarnavalesco, es un conjunto de reyes que se presentan con sus comparsas y pues esta noche es para empezar el carnaval\u201d, dijo Jos\u00e9 Romero Hern\u00e1ndez, rey participante.Es una bonita tradici\u00f3n que tenemos, porque &hellip;<\/p>\n","protected":false},"author":1,"featured_media":69884,"comment_status":"open","ping_status":"open","sticky":false,"template":"","format":"standard","meta":{"_mi_skip_tracking":false},"categories":[45],"tags":[14762],"_links":{"self":[{"href":"https:\/\/visionpeninsular.com\/mid\/wp-json\/wp\/v2\/posts\/69871"}],"collection":[{"href":"https:\/\/visionpeninsular.com\/mid\/wp-json\/wp\/v2\/posts"}],"about":[{"href":"https:\/\/visionpeninsular.com\/mid\/wp-json\/wp\/v2\/types\/post"}],"author":[{"embeddable":true,"href":"https:\/\/visionpeninsular.com\/mid\/wp-json\/wp\/v2\/users\/1"}],"replies":[{"embeddable":true,"href":"https:\/\/visionpeninsular.com\/mid\/wp-json\/wp\/v2\/comments?post=69871"}],"version-history":[{"count":1,"href":"https:\/\/visionpeninsular.com\/mid\/wp-json\/wp\/v2\/posts\/69871\/revisions"}],"predecessor-version":[{"id":69885,"href":"https:\/\/visionpeninsular.com\/mid\/wp-json\/wp\/v2\/posts\/69871\/revisions\/69885"}],"wp:featuredmedia":[{"embeddable":true,"href":"https:\/\/visionpeninsular.com\/mid\/wp-json\/wp\/v2\/media\/69884"}],"wp:attachment":[{"href":"https:\/\/visionpeninsular.com\/mid\/wp-json\/wp\/v2\/media?parent=69871"}],"wp:term":[{"taxonomy":"category","embeddable":true,"href":"https:\/\/visionpeninsular.com\/mid\/wp-json\/wp\/v2\/categories?post=69871"},{"taxonomy":"post_tag","embeddable":true,"href":"https:\/\/visionpeninsular.com\/mid\/wp-json\/wp\/v2\/tags?post=69871"}],"curies":[{"name":"wp","href":"https:\/\/api.w.org\/{rel}","templated":true}]}}