{"id":6956,"date":"2016-07-05T09:09:05","date_gmt":"2016-07-05T14:09:05","guid":{"rendered":"http:\/\/visionpeninsular.com\/mid\/?p=6956"},"modified":"2016-07-05T09:11:55","modified_gmt":"2016-07-05T14:11:55","slug":"protestan-ejidatarios-afuera-de-tribunal-por-presunto-despojo-de-tierras","status":"publish","type":"post","link":"https:\/\/visionpeninsular.com\/mid\/protestan-ejidatarios-afuera-de-tribunal-por-presunto-despojo-de-tierras\/","title":{"rendered":"Protestan ejidatarios afuera de Tribunal por presunto despojo de tierras"},"content":{"rendered":"<p>En el marco de una nueva audiencia del conflicto de tierras de Punta Laguna, entre el ex subprocurador y abogado, Rafael Acosta Sol\u00eds y los presuntos fundadores de la cooperativa Najil Tucha, los diputados de Morena, Rogerio Castro y Jazm\u00edn Villanueva Moo, se\u00f1alaron que de parcelizar estas tierras se abrir\u00eda camino a la privatizaci\u00f3n del \u00e1rea natural de Otoch Ma\u00b4ax yetel Kooh.<\/p>\n<p>Al respecto, el diputado indic\u00f3 que MORENA tiene la intenci\u00f3n de apoyarla lucha para impedir la privatizaci\u00f3n de la tierra &#8220;Casa del Mono y el Puma&#8221;.<\/p>\n<p>\u201cDesde M\u00e9rida a Tizim\u00edn, las tierras en las orillas de las carreteras ya pasaron a manos de ricos hombres de la capital yucateca. S\u00f3lo les han dejado sus tierras a los ejidatarios a 3 o 4 kil\u00f3metros de las carreteras\u201d, afirmaron ejidatarios de otros ejidos yucatecos y militantes de Morena en Yucat\u00e1n a trav\u00e9s de un altavoz instalado afuera del tribunal, donde cerca de 100 personas protestaron por esta presunta intenci\u00f3n de parcelizaci\u00f3n.<\/p>\n<p>\u201cEl parcelamiento es lo que sigue a la venta de las tierras. \u00bfPor qu\u00e9 el campesino vende?, porque tiene necesidad. Y las tierras las est\u00e1n comprando los ricos de M\u00e9rida. Vean las grandes parcelas desde M\u00e9rida a Tizim\u00edn con riego. Ya no le pertenecen a ning\u00fan verdadero ejidatario o a las personas de los pueblos, les pertenecen a las personas de M\u00e9rida que se avecindan y que luego se vuelven posesionarios\u201d explicaron los inconformes.<\/p>\n<p>Tras la llegada de Acosta Sol\u00eds, los magistrados del Tribunal Unitario Agrario decidieron realizar al menos otras dos sesiones m\u00e1s sobre \u00e9l tema.<\/p>\n<p>Cabe mencionar que la asociaci\u00f3n Najil Tucha S.C. surgi\u00f3 en el a\u00f1o 2002 gracias a la iniciativa de 27 familias de la regi\u00f3n. <\/p>\n<p>Esta cooperativa, se conforma de artesanas y gu\u00edas, que ofrecen servicios ecotur\u00edsticos como una alternativa de ingreso econ\u00f3mico en las 5 mil hect\u00e1reas que se han convertido en un reducto donde habitan jaguares, pumas, monos ara\u00f1a y otras especies.<\/p>\n<div class='share-to-whatsapp-wrapper'><div class='share-on-whsp'>Share on: <\/div><a data-text='Protestan ejidatarios afuera de Tribunal por presunto despojo de tierras' data-link='https:\/\/visionpeninsular.com\/mid\/protestan-ejidatarios-afuera-de-tribunal-por-presunto-despojo-de-tierras\/' class='whatsapp-button whatsapp-share'>WhatsApp<\/a><div class='clear '><\/div><\/div>","protected":false},"excerpt":{"rendered":"<p>En el marco de una nueva audiencia del conflicto de tierras de Punta Laguna, entre el ex subprocurador y abogado, Rafael Acosta Sol\u00eds y los presuntos fundadores de la cooperativa Najil Tucha, los diputados de Morena, Rogerio Castro y Jazm\u00edn Villanueva Moo, se\u00f1alaron que de parcelizar estas tierras se abrir\u00eda camino a la privatizaci\u00f3n del &hellip;<\/p>\n","protected":false},"author":1,"featured_media":6960,"comment_status":"open","ping_status":"open","sticky":false,"template":"","format":"standard","meta":{"_mi_skip_tracking":false},"categories":[49],"tags":[1359,1273],"_links":{"self":[{"href":"https:\/\/visionpeninsular.com\/mid\/wp-json\/wp\/v2\/posts\/6956"}],"collection":[{"href":"https:\/\/visionpeninsular.com\/mid\/wp-json\/wp\/v2\/posts"}],"about":[{"href":"https:\/\/visionpeninsular.com\/mid\/wp-json\/wp\/v2\/types\/post"}],"author":[{"embeddable":true,"href":"https:\/\/visionpeninsular.com\/mid\/wp-json\/wp\/v2\/users\/1"}],"replies":[{"embeddable":true,"href":"https:\/\/visionpeninsular.com\/mid\/wp-json\/wp\/v2\/comments?post=6956"}],"version-history":[{"count":3,"href":"https:\/\/visionpeninsular.com\/mid\/wp-json\/wp\/v2\/posts\/6956\/revisions"}],"predecessor-version":[{"id":6959,"href":"https:\/\/visionpeninsular.com\/mid\/wp-json\/wp\/v2\/posts\/6956\/revisions\/6959"}],"wp:featuredmedia":[{"embeddable":true,"href":"https:\/\/visionpeninsular.com\/mid\/wp-json\/wp\/v2\/media\/6960"}],"wp:attachment":[{"href":"https:\/\/visionpeninsular.com\/mid\/wp-json\/wp\/v2\/media?parent=6956"}],"wp:term":[{"taxonomy":"category","embeddable":true,"href":"https:\/\/visionpeninsular.com\/mid\/wp-json\/wp\/v2\/categories?post=6956"},{"taxonomy":"post_tag","embeddable":true,"href":"https:\/\/visionpeninsular.com\/mid\/wp-json\/wp\/v2\/tags?post=6956"}],"curies":[{"name":"wp","href":"https:\/\/api.w.org\/{rel}","templated":true}]}}