{"id":69418,"date":"2019-02-17T08:29:11","date_gmt":"2019-02-17T14:29:11","guid":{"rendered":"http:\/\/visionpeninsular.com\/mid\/?p=69418"},"modified":"2019-02-17T08:29:18","modified_gmt":"2019-02-17T14:29:18","slug":"con-amlo-hay-respeto-sumision-moreno-cardenas","status":"publish","type":"post","link":"https:\/\/visionpeninsular.com\/mid\/con-amlo-hay-respeto-sumision-moreno-cardenas\/","title":{"rendered":"Con AMLO hay respeto, no sumisi\u00f3n: Moreno C\u00e1rdenas"},"content":{"rendered":"\n<p><em>Campeche, Camp<\/em>. Pri\u00edsta de toda la vida, dirigente, \ndiputado, senador y ahora gobernador de Campeche, Alejandro Moreno \nC\u00e1rdenas confirm\u00f3 que se inscribir\u00e1 para contender por la presidencia \ndel Partido Revolucionario Institucional (PRI) una vez que se publique \nla convocatoria,&nbsp;\u00a1y les voy a ganar! No podemos permitir que el PRI \nse convierta en un lastre como oposici\u00f3n. La militancia, los \nsimpatizantes y las dirigencias estatales deben asumir su papel para \nabrir la puerta a la democracia partidista.<\/p>\n\n\n\n<p>Con energ\u00eda y convencido de su historial en las filas pri\u00edstas, pero tambi\u00e9n sabedor de que enfrente tiene al&nbsp;<em>politbur\u00f3<\/em>&nbsp;<em>tricolor<\/em>&nbsp;\u2013los\n sectores que se han apropiado y sacado provecho de su partido\u2013, el \ngobernante asegur\u00f3 que para rescatarlo es urgente una reforma \nestatutaria y que los militantes elijan y decidan:&nbsp;Quiero que el PRI tenga destino.<\/p>\n\n\n\n<p><strong>En Campeche se respeta al Presidente<\/strong><\/p>\n\n\n\n<p>En una renovada capital de Campeche, estado que hoy tiene un \ncrecimiento de 3.8 por ciento al a\u00f1o, Moreno C\u00e1rdenas se\u00f1ala que ante el\n presidente de la Rep\u00fablica, Andr\u00e9s Manuel L\u00f3pez Obrador, hay respeto y \ncolaboraci\u00f3n,&nbsp;no colaboracionismo&nbsp;ni sumisi\u00f3n.<\/p>\n\n\n\n<p>\u201cA la c\u00fapula del PRI le molesta, dicen: \u2018<em>Alito<\/em>&nbsp;anda muy \ncerca del Presidente\u2019, pero nosotros tenemos la obligaci\u00f3n de ver por \nnuestro estado, por la gente que se sabe representada por nosotros. \nTenemos una relaci\u00f3n con el Presidente, que nos ha tratado muy bien, con\n mucho respeto. Yo no puedo coincidir en muchas cosas con el se\u00f1or \npresidente L\u00f3pez Obrador, pero \u00e9l es un hombre de pertenencia y est\u00e1 \ncomprometido con el sureste. La relaci\u00f3n con \u00e9l se funda en el respeto, y\n en Campeche se respeta al Presidente\u201d.<\/p>\n\n\n\n<p>Generoso en su reconocimiento, sentencia:&nbsp;Est\u00e1 claro que hay \nPresidente con proyecto e ideas, y lo importante es que se pongan en \npr\u00e1ctica esas ideas. Y hay que ir construyendo consensos.<\/p>\n\n\n\n<p>As\u00ed, echado para adelante, confirm\u00f3 que al momento de la publicaci\u00f3n \nde la convocatoria para la elecci\u00f3n en el PRI solicitar\u00e1 licencia en el \nCongreso de Campeche para contender, y su compa\u00f1era de f\u00f3rmula ser\u00e1 \nCarolina Viggiano.<\/p>\n\n\n\n<p>El dilema que quieren endosarle sus oponentes en el PRI en torno a la\n relaci\u00f3n que como presidente de la Conferencia Nacional de Gobernadores\n (Conago) ha entablado con L\u00f3pez Obrador se resuelve con el ejercicio de\n la pol\u00edtica:&nbsp;Yo soy un pol\u00edtico profesional: nac\u00ed, crec\u00ed y me \ndesarroll\u00e9 en las filas del PRI. Y en mi partido aprend\u00ed que hay que \nconstruir con el gobierno. Lo m\u00e1s importante es la poblaci\u00f3n, no podemos\n pelearnos con el gobierno. Al contrario, tenemos que hablar con \u00e9l.<\/p>\n\n\n\n<p>En esa t\u00f3nica, describi\u00f3:&nbsp;Quiero un PRI con destino. Algunos no \nquieren que llegue al partido, pero voy a participar y les voy a ganar, \nporque tenemos la raz\u00f3n hist\u00f3rica y pol\u00edtica.<\/p>\n\n\n\n<p>Para el gobernador de Campeche, el&nbsp;<em>tricolor&nbsp;<\/em>tendr\u00e1 que entrar en una etapa de transformaci\u00f3n.&nbsp;Tenemos\n 10 millones de votos. Yo represento la alternativa. Quiero ser \npresidente del PRI porque soy pri\u00edsta. Quiero ser coadyuvante del \ngobierno, no colaboracionista. A m\u00ed me han dicho de todo, y m\u00e1s fuerte \nestoy. Es necesario que se construya una candidatura limpia y \ntransparente, porque el PRI no es de unos, es de todos.<\/p>\n\n\n\n<p>Tambi\u00e9n dijo que la soberbia, la impunidad, los malos gobiernos y la \nineptitud marcaron la calificaci\u00f3n que la sociedad aplica a su partido: \n\u201cEl PRI se alej\u00f3 de sus causas b\u00e1sicas. Hay que regresar a las bases, \nhay pri\u00edsmo. Lo que vamos a aplicar en la dirigencia \u2013una vez que la \nganemos\u2013 es una reforma de los estatutos, abundar en el trabajo \nideol\u00f3gico, combatir la corrupci\u00f3n e impulsar la participaci\u00f3n \npermanente de las bases de nuestro partido\u201d.<\/p>\n\n\n\n<p>\u2013A los ojos de un sector de la sociedad, el PRI es obsoleto.<\/p>\n\n\n\n<p>\u2013No es obsoleto. El PRI tiene que construir una plataforma pol\u00edtica \npropia, reconstituirse en una nueva v\u00eda democr\u00e1tica. Vamos a construir \nuna gran alianza pol\u00edtica con la sociedad.<\/p>\n\n\n\n<p>Convencido, insisti\u00f3 en cambiar al PRI: \u201cNo podemos seguir igual, \nnecesitamos sumar. Yo soy un hombre libre, con criterio propio, que \ntrabaja y dice lo que piensa, y un lacayo hace lo que le dicen.<\/p>\n<div class='share-to-whatsapp-wrapper'><div class='share-on-whsp'>Share on: <\/div><a data-text='Con AMLO hay respeto, no sumisi\u00f3n: Moreno C\u00e1rdenas' data-link='https:\/\/visionpeninsular.com\/mid\/con-amlo-hay-respeto-sumision-moreno-cardenas\/' class='whatsapp-button whatsapp-share'>WhatsApp<\/a><div class='clear '><\/div><\/div>","protected":false},"excerpt":{"rendered":"<p>Campeche, Camp. Pri\u00edsta de toda la vida, dirigente, diputado, senador y ahora gobernador de Campeche, Alejandro Moreno C\u00e1rdenas confirm\u00f3 que se inscribir\u00e1 para contender por la presidencia del Partido Revolucionario Institucional (PRI) una vez que se publique la convocatoria,&nbsp;\u00a1y les voy a ganar! No podemos permitir que el PRI se convierta en un lastre como &hellip;<\/p>\n","protected":false},"author":1,"featured_media":69427,"comment_status":"open","ping_status":"open","sticky":false,"template":"","format":"standard","meta":{"_mi_skip_tracking":false},"categories":[45],"tags":[8300],"_links":{"self":[{"href":"https:\/\/visionpeninsular.com\/mid\/wp-json\/wp\/v2\/posts\/69418"}],"collection":[{"href":"https:\/\/visionpeninsular.com\/mid\/wp-json\/wp\/v2\/posts"}],"about":[{"href":"https:\/\/visionpeninsular.com\/mid\/wp-json\/wp\/v2\/types\/post"}],"author":[{"embeddable":true,"href":"https:\/\/visionpeninsular.com\/mid\/wp-json\/wp\/v2\/users\/1"}],"replies":[{"embeddable":true,"href":"https:\/\/visionpeninsular.com\/mid\/wp-json\/wp\/v2\/comments?post=69418"}],"version-history":[{"count":1,"href":"https:\/\/visionpeninsular.com\/mid\/wp-json\/wp\/v2\/posts\/69418\/revisions"}],"predecessor-version":[{"id":69428,"href":"https:\/\/visionpeninsular.com\/mid\/wp-json\/wp\/v2\/posts\/69418\/revisions\/69428"}],"wp:featuredmedia":[{"embeddable":true,"href":"https:\/\/visionpeninsular.com\/mid\/wp-json\/wp\/v2\/media\/69427"}],"wp:attachment":[{"href":"https:\/\/visionpeninsular.com\/mid\/wp-json\/wp\/v2\/media?parent=69418"}],"wp:term":[{"taxonomy":"category","embeddable":true,"href":"https:\/\/visionpeninsular.com\/mid\/wp-json\/wp\/v2\/categories?post=69418"},{"taxonomy":"post_tag","embeddable":true,"href":"https:\/\/visionpeninsular.com\/mid\/wp-json\/wp\/v2\/tags?post=69418"}],"curies":[{"name":"wp","href":"https:\/\/api.w.org\/{rel}","templated":true}]}}