{"id":68742,"date":"2019-02-14T05:44:31","date_gmt":"2019-02-14T11:44:31","guid":{"rendered":"http:\/\/visionpeninsular.com\/mid\/?p=68742"},"modified":"2019-02-14T05:44:39","modified_gmt":"2019-02-14T11:44:39","slug":"concluye-huelga-en-el-ayuntamiento-de-campeche","status":"publish","type":"post","link":"https:\/\/visionpeninsular.com\/mid\/concluye-huelga-en-el-ayuntamiento-de-campeche\/","title":{"rendered":"Concluye huelga en el ayuntamiento de Campeche"},"content":{"rendered":"\n<p>CAMPECHE, Cam. (apro).- El secretario de Finanzas y Planeaci\u00f3n \nEcon\u00f3mica de la Federaci\u00f3n Nacional de Sindicatos, Francisco Javier \nIsa\u00eds Mayoral, inform\u00f3 que anoche qued\u00f3 desactivada la huelga del \nayuntamiento de Campeche que el pasado mi\u00e9rcoles 6 inici\u00f3 Manuel Bonilla\n Carrillo, l\u00edder de \u201cCoraz\u00f3n valiente\u201d.<\/p>\n\n\n\n<p>La directiva nacional y estatal del gremio de bur\u00f3cratas desconoci\u00f3 \nla personalidad jur\u00eddica de Bonilla Carrillo, quien \u2013subray\u00f3\u2013 \u201cpor \nproblemas de h\u00edgado\u201d provoc\u00f3 la crisis para emprender una huelga.<\/p>\n\n\n\n<p>Isa\u00eds Mayoral lleg\u00f3 a Campeche el pasado lunes 11, originalmente con \nla intenci\u00f3n de apoyar la huelga. No obstante, se encontr\u00f3 con que el \nmovimiento no ten\u00eda el respaldo del m\u00ednimo de trabajadores que la ley \nexige para declarar su legalidad.<\/p>\n\n\n\n<p>Luego de reconocer esa realidad, pidi\u00f3 p\u00fablicamente al alcalde Eliseo\n Fern\u00e1ndez Montufar que lo recibiera para solucionar el problema.<\/p>\n\n\n\n<p>Anoche se concret\u00f3 la reuni\u00f3n con autoridades municipales, en la que \ntambi\u00e9n estuvo presente el dirigente estatal de los bur\u00f3cratas, Jos\u00e9 del\n Carmen Urueta Moha, a quien el alcalde Eliseo Fern\u00e1ndez Montufar se \nnegaba a recibir.<\/p>\n\n\n\n<p>En las negociaciones, que transcurrieron a puerta cerrada, Urueta \nMoha y el s\u00edndico Jur\u00eddico del ayuntamiento, Alfonso Alejandro Dur\u00e1n \nReyes, firmaron cinco acuerdos con los que se dio por terminada la \nfallida huelga, entre ellos un incremento del 2% directo al salario y de\n 1% a prestaciones a partir de la primera quincena de mayo.<\/p>\n\n\n\n<p>Tambi\u00e9n se ratificaron y prorrogaron para el trienio 2019-2021 las \nactuales Condiciones Generales de Trabajo que rigen las relaciones \nlaborales entre el ayuntamiento de Campeche y el sindicato, y el respeto\n a los derechos humanos y logros sindicales de los trabajadores.<\/p>\n\n\n\n<p>Adem\u00e1s, las partes se comprometieron a instalar mesas de trabajo \npermanentes, cada mes, para solucionar cualquier conflicto individual \nlaboral.<\/p>\n\n\n\n<p>Al t\u00e9rmino de la reuni\u00f3n se retiraron las banderas rojinegras, y al \nreabrirse las puertas del palacio municipal Bonilla Carrillo, sumiso, \nsali\u00f3 de entre los trabajadores al encuentro del alcalde para \ndisculparse. Todo termin\u00f3 con un abrazo.<\/p>\n\n\n\n<p>Posteriormente, Isa\u00eds Mayoral encabez\u00f3 una asamblea con el dirigente \nestatal y delegados sindicales del ayuntamiento, y con Bonilla Carrillo \npresente les aclar\u00f3 que el \u00fanico dirigente que tiene personalidad \njur\u00eddica para emplazar a una huelga es el estatal, que la ley no \nreconoce ning\u00fan \u201csindicato \u00fanico\u201d y que una secci\u00f3n sindical, como la \nque encabeza Bonilla, no puede ser dirigida por un secretario general.<\/p>\n\n\n\n<p>A la exigencia de los seguidores de Bonilla, quienes fueron \ndespedidos al inicio de la presente administraci\u00f3n estatal por negarse a\n acudir a sus centros de trabajo, con el argumento de que ten\u00edan una \nrepresentaci\u00f3n sindical en \u201cCoraz\u00f3n valiente\u201d, se les inform\u00f3 que \npaulatinamente ser\u00e1n reintegrados a sus empleos, pero con la advertencia\n de que ser\u00edan reubicados.<\/p>\n<div class='share-to-whatsapp-wrapper'><div class='share-on-whsp'>Share on: <\/div><a data-text='Concluye huelga en el ayuntamiento de Campeche' data-link='https:\/\/visionpeninsular.com\/mid\/concluye-huelga-en-el-ayuntamiento-de-campeche\/' class='whatsapp-button whatsapp-share'>WhatsApp<\/a><div class='clear '><\/div><\/div>","protected":false},"excerpt":{"rendered":"<p>CAMPECHE, Cam. (apro).- El secretario de Finanzas y Planeaci\u00f3n Econ\u00f3mica de la Federaci\u00f3n Nacional de Sindicatos, Francisco Javier Isa\u00eds Mayoral, inform\u00f3 que anoche qued\u00f3 desactivada la huelga del ayuntamiento de Campeche que el pasado mi\u00e9rcoles 6 inici\u00f3 Manuel Bonilla Carrillo, l\u00edder de \u201cCoraz\u00f3n valiente\u201d. La directiva nacional y estatal del gremio de bur\u00f3cratas desconoci\u00f3 la &hellip;<\/p>\n","protected":false},"author":1,"featured_media":68751,"comment_status":"open","ping_status":"open","sticky":false,"template":"","format":"standard","meta":{"_mi_skip_tracking":false},"categories":[45],"tags":[3320],"_links":{"self":[{"href":"https:\/\/visionpeninsular.com\/mid\/wp-json\/wp\/v2\/posts\/68742"}],"collection":[{"href":"https:\/\/visionpeninsular.com\/mid\/wp-json\/wp\/v2\/posts"}],"about":[{"href":"https:\/\/visionpeninsular.com\/mid\/wp-json\/wp\/v2\/types\/post"}],"author":[{"embeddable":true,"href":"https:\/\/visionpeninsular.com\/mid\/wp-json\/wp\/v2\/users\/1"}],"replies":[{"embeddable":true,"href":"https:\/\/visionpeninsular.com\/mid\/wp-json\/wp\/v2\/comments?post=68742"}],"version-history":[{"count":1,"href":"https:\/\/visionpeninsular.com\/mid\/wp-json\/wp\/v2\/posts\/68742\/revisions"}],"predecessor-version":[{"id":68752,"href":"https:\/\/visionpeninsular.com\/mid\/wp-json\/wp\/v2\/posts\/68742\/revisions\/68752"}],"wp:featuredmedia":[{"embeddable":true,"href":"https:\/\/visionpeninsular.com\/mid\/wp-json\/wp\/v2\/media\/68751"}],"wp:attachment":[{"href":"https:\/\/visionpeninsular.com\/mid\/wp-json\/wp\/v2\/media?parent=68742"}],"wp:term":[{"taxonomy":"category","embeddable":true,"href":"https:\/\/visionpeninsular.com\/mid\/wp-json\/wp\/v2\/categories?post=68742"},{"taxonomy":"post_tag","embeddable":true,"href":"https:\/\/visionpeninsular.com\/mid\/wp-json\/wp\/v2\/tags?post=68742"}],"curies":[{"name":"wp","href":"https:\/\/api.w.org\/{rel}","templated":true}]}}