{"id":6874,"date":"2016-07-04T17:58:56","date_gmt":"2016-07-04T22:58:56","guid":{"rendered":"http:\/\/visionpeninsular.com\/mid\/?p=6874"},"modified":"2016-07-04T17:58:56","modified_gmt":"2016-07-04T22:58:56","slug":"emprendedores-yucatecos-expondran-sus-productos-en-cozumel","status":"publish","type":"post","link":"https:\/\/visionpeninsular.com\/mid\/emprendedores-yucatecos-expondran-sus-productos-en-cozumel\/","title":{"rendered":"Emprendedores yucatecos expondr\u00e1n sus productos en Cozumel"},"content":{"rendered":"<p>Para mostrar la calidad de los productos y servicios yucatecos, seis empresas locales, 4 de Tizim\u00edn y 2 de M\u00e9rida, participar\u00e1n en el Primer Expo Foro del Emprendedor, organizado y promovido por C\u00e1mara Nacional de Comercio, Servicios y Turismo (CANACO) de Cozumel, que se realizar\u00e1 del 4 al 6 de julio en la isla caribe<\/p>\n<p>El presidente de la C\u00e1mara Nacional de Comercio, Servicios y Turismo (Canaco Servytur) de M\u00e9rida, Juan Jos\u00e9 Abraham Daguer resalt\u00f3 que los empresarios yucatecos estar\u00e1n presentes en esa expo a invitaci\u00f3n de la Canaco Cozumel, junto a otras de otras partes del pa\u00eds.<\/p>\n<p>Respecto al foro, Abraham Daguer explic\u00f3 que tiene un programa variado y de gran inter\u00e9s, donde habr\u00e1 conferencias magistrales a cargo de emprendedores de \u00e9xito en el pa\u00eds, y quienes dar\u00e1n orientaci\u00f3n y tips de c\u00f3mo posicionar sus marcas en el mercado regional y nacional.<\/p>\n<p>En esta ocasi\u00f3n, dijo, son 6 empresas yucatecas las que participar\u00e1n en esa expo, 2 de M\u00e9rida y 4 de Tizim\u00edn, quienes tienen inter\u00e9s de buscar nuevos mercados, y ese evento es el escaparate ideal pues contar\u00e1 con una gran zona de exposici\u00f3n con stands, donde se impulsar\u00e1 el comercio entre las c\u00e1maras de comercio de todo el pa\u00eds.<\/p>\n<p>De acuerdo con el programa, las actividades inician el lunes 4 de julio, a las 5:30 de la tarde, con la inauguraci\u00f3n oficial, que estar\u00e1 a cargo del presidente de la Concanaco, Enrique Solana Sent\u00edes, as\u00ed como de autoridades municipales de Cozumel y estatales de Quintana Roo.<\/p>\n<p>Bolet\u00edn de prensa.<\/p>\n<div class='share-to-whatsapp-wrapper'><div class='share-on-whsp'>Share on: <\/div><a data-text='Emprendedores yucatecos expondr\u00e1n sus productos en Cozumel' data-link='https:\/\/visionpeninsular.com\/mid\/emprendedores-yucatecos-expondran-sus-productos-en-cozumel\/' class='whatsapp-button whatsapp-share'>WhatsApp<\/a><div class='clear '><\/div><\/div>","protected":false},"excerpt":{"rendered":"<p>Para mostrar la calidad de los productos y servicios yucatecos, seis empresas locales, 4 de Tizim\u00edn y 2 de M\u00e9rida, participar\u00e1n en el Primer Expo Foro del Emprendedor, organizado y promovido por C\u00e1mara Nacional de Comercio, Servicios y Turismo (CANACO) de Cozumel, que se realizar\u00e1 del 4 al 6 de julio en la isla caribe &hellip;<\/p>\n","protected":false},"author":1,"featured_media":6875,"comment_status":"open","ping_status":"open","sticky":false,"template":"","format":"standard","meta":{"_mi_skip_tracking":false},"categories":[50],"tags":[694,52,292],"_links":{"self":[{"href":"https:\/\/visionpeninsular.com\/mid\/wp-json\/wp\/v2\/posts\/6874"}],"collection":[{"href":"https:\/\/visionpeninsular.com\/mid\/wp-json\/wp\/v2\/posts"}],"about":[{"href":"https:\/\/visionpeninsular.com\/mid\/wp-json\/wp\/v2\/types\/post"}],"author":[{"embeddable":true,"href":"https:\/\/visionpeninsular.com\/mid\/wp-json\/wp\/v2\/users\/1"}],"replies":[{"embeddable":true,"href":"https:\/\/visionpeninsular.com\/mid\/wp-json\/wp\/v2\/comments?post=6874"}],"version-history":[{"count":1,"href":"https:\/\/visionpeninsular.com\/mid\/wp-json\/wp\/v2\/posts\/6874\/revisions"}],"predecessor-version":[{"id":6876,"href":"https:\/\/visionpeninsular.com\/mid\/wp-json\/wp\/v2\/posts\/6874\/revisions\/6876"}],"wp:featuredmedia":[{"embeddable":true,"href":"https:\/\/visionpeninsular.com\/mid\/wp-json\/wp\/v2\/media\/6875"}],"wp:attachment":[{"href":"https:\/\/visionpeninsular.com\/mid\/wp-json\/wp\/v2\/media?parent=6874"}],"wp:term":[{"taxonomy":"category","embeddable":true,"href":"https:\/\/visionpeninsular.com\/mid\/wp-json\/wp\/v2\/categories?post=6874"},{"taxonomy":"post_tag","embeddable":true,"href":"https:\/\/visionpeninsular.com\/mid\/wp-json\/wp\/v2\/tags?post=6874"}],"curies":[{"name":"wp","href":"https:\/\/api.w.org\/{rel}","templated":true}]}}