{"id":6836,"date":"2016-07-04T08:35:15","date_gmt":"2016-07-04T13:35:15","guid":{"rendered":"http:\/\/visionpeninsular.com\/mid\/?p=6836"},"modified":"2016-07-04T08:35:15","modified_gmt":"2016-07-04T13:35:15","slug":"congresos-deben-ponerse-del-lado-de-los-ciudadanos-pide-pan-marcha-atras-al-paquete-de-la-impunidad","status":"publish","type":"post","link":"https:\/\/visionpeninsular.com\/mid\/congresos-deben-ponerse-del-lado-de-los-ciudadanos-pide-pan-marcha-atras-al-paquete-de-la-impunidad\/","title":{"rendered":"Congresos deben ponerse del &#8220;lado de los ciudadanos&#8221; &#8211; Pide PAN marcha atr\u00e1s al &#8220;paquete de la Impunidad&#8221;"},"content":{"rendered":"<p>Por medio de un comunicado el presidente del Partido Acci\u00f3n Nacional hizo un llamado a los congresos de Veracruz, Quintana Roo y Chihuahua a \u201cponerse del lado de los ciudadanos\u201d, y no permitir que las acciones de blindaje que han propuesto los gobernadores salientes de esas entidades.<\/p>\n<p>Adem\u00e1s, con la intenci\u00f3n de evitar que se concreten los llamados \u201cblindajes\u201d Ricardo Anaya Cort\u00e9s advirti\u00f3 que este instituto pol\u00edtico promover\u00e1 las acciones legales.<\/p>\n<p>Por medio de un comunicado el dirigente panista pidi\u00f3 que \u201cse frene la aprobaci\u00f3n del paquete de impunidad en Veracruz, que incluye el nombramiento de magistrados y del fiscal anticorrupci\u00f3n\u201d.<\/p>\n<p>En chihuahua contin\u00faan los intentos para aprobar los nuevos cr\u00e9ditos por seis mil millones de deuda adicional, no obstante la reciente reforma en materia de disciplina financiera para estados y municipios.<\/p>\n<p>Por otro lado en Quintana Roo se aprob\u00f3 un paquete para convertir a la Procuradur\u00eda de la Justicia de Estado en Fiscal\u00eda, cuyo titular ser\u00eda el actual procurador, quien estar\u00eda en el cargo por nueve a\u00f1os.<\/p>\n<p>Es as\u00ed como afirmo el Partido Acci\u00f3n nacional que pondr\u00e1 en marcha las acciones legales para revertir estas decisiones de los gobiernos locales.<\/p>\n<div class='share-to-whatsapp-wrapper'><div class='share-on-whsp'>Share on: <\/div><a data-text='Congresos deben ponerse del \"lado de los ciudadanos\" - Pide PAN marcha atr\u00e1s al \"paquete de la Impunidad\"' data-link='https:\/\/visionpeninsular.com\/mid\/congresos-deben-ponerse-del-lado-de-los-ciudadanos-pide-pan-marcha-atras-al-paquete-de-la-impunidad\/' class='whatsapp-button whatsapp-share'>WhatsApp<\/a><div class='clear '><\/div><\/div>","protected":false},"excerpt":{"rendered":"<p>Por medio de un comunicado el presidente del Partido Acci\u00f3n Nacional hizo un llamado a los congresos de Veracruz, Quintana Roo y Chihuahua a \u201cponerse del lado de los ciudadanos\u201d, y no permitir que las acciones de blindaje que han propuesto los gobernadores salientes de esas entidades. Adem\u00e1s, con la intenci\u00f3n de evitar que se &hellip;<\/p>\n","protected":false},"author":1,"featured_media":6837,"comment_status":"open","ping_status":"open","sticky":false,"template":"","format":"standard","meta":{"_mi_skip_tracking":false},"categories":[47],"tags":[322],"_links":{"self":[{"href":"https:\/\/visionpeninsular.com\/mid\/wp-json\/wp\/v2\/posts\/6836"}],"collection":[{"href":"https:\/\/visionpeninsular.com\/mid\/wp-json\/wp\/v2\/posts"}],"about":[{"href":"https:\/\/visionpeninsular.com\/mid\/wp-json\/wp\/v2\/types\/post"}],"author":[{"embeddable":true,"href":"https:\/\/visionpeninsular.com\/mid\/wp-json\/wp\/v2\/users\/1"}],"replies":[{"embeddable":true,"href":"https:\/\/visionpeninsular.com\/mid\/wp-json\/wp\/v2\/comments?post=6836"}],"version-history":[{"count":1,"href":"https:\/\/visionpeninsular.com\/mid\/wp-json\/wp\/v2\/posts\/6836\/revisions"}],"predecessor-version":[{"id":6838,"href":"https:\/\/visionpeninsular.com\/mid\/wp-json\/wp\/v2\/posts\/6836\/revisions\/6838"}],"wp:featuredmedia":[{"embeddable":true,"href":"https:\/\/visionpeninsular.com\/mid\/wp-json\/wp\/v2\/media\/6837"}],"wp:attachment":[{"href":"https:\/\/visionpeninsular.com\/mid\/wp-json\/wp\/v2\/media?parent=6836"}],"wp:term":[{"taxonomy":"category","embeddable":true,"href":"https:\/\/visionpeninsular.com\/mid\/wp-json\/wp\/v2\/categories?post=6836"},{"taxonomy":"post_tag","embeddable":true,"href":"https:\/\/visionpeninsular.com\/mid\/wp-json\/wp\/v2\/tags?post=6836"}],"curies":[{"name":"wp","href":"https:\/\/api.w.org\/{rel}","templated":true}]}}