{"id":67858,"date":"2019-02-11T10:18:37","date_gmt":"2019-02-11T16:18:37","guid":{"rendered":"http:\/\/visionpeninsular.com\/mid\/?p=67858"},"modified":"2019-02-11T10:18:47","modified_gmt":"2019-02-11T16:18:47","slug":"entrega-renan-barrera-comedor-en-san-jose-tecoh-beneficiando-601-ninos","status":"publish","type":"post","link":"https:\/\/visionpeninsular.com\/mid\/entrega-renan-barrera-comedor-en-san-jose-tecoh-beneficiando-601-ninos\/","title":{"rendered":"Entrega Ren\u00e1n Barrera comedor en San Jos\u00e9 Tecoh beneficiando a 601 ni\u00f1os"},"content":{"rendered":"\n<p>El d\u00eda de hoy el Alcalde Ren\u00e1n Barrera Concha inaugur\u00f3 el Comedor Escolar en la Escuela Primaria Benito Ju\u00e1rez Garc\u00eda y Ni\u00f1os H\u00e9roes.<\/p>\n\n\n\n<figure class=\"wp-block-embed-twitter wp-block-embed is-type-rich is-provider-twitter\"><div class=\"wp-block-embed__wrapper\">\n<blockquote class=\"twitter-tweet\" data-width=\"550\" data-dnt=\"true\"><p lang=\"es\" dir=\"ltr\">Inaugura <a href=\"https:\/\/twitter.com\/hashtag\/Alcalde?src=hash&amp;ref_src=twsrc%5Etfw\">#Alcalde<\/a> <a href=\"https:\/\/twitter.com\/RenanBarrera?ref_src=twsrc%5Etfw\">@RenanBarrera<\/a> el Comedor Escolar en la Escuela Primaria Benito Ju\u00e1rez Garc\u00eda. <a href=\"https:\/\/twitter.com\/AyuntaMerida?ref_src=twsrc%5Etfw\">@AyuntaMerida<\/a> <a href=\"https:\/\/twitter.com\/Primomartinez_?ref_src=twsrc%5Etfw\">@Primomartinez_<\/a> <a href=\"https:\/\/twitter.com\/Valerie_amador?ref_src=twsrc%5Etfw\">@Valerie_amador<\/a> <a href=\"https:\/\/twitter.com\/aliciatriay77?ref_src=twsrc%5Etfw\">@aliciatriay77<\/a> <a href=\"https:\/\/twitter.com\/maenunez8?ref_src=twsrc%5Etfw\">@maenunez8<\/a> <a href=\"https:\/\/t.co\/mDKAPWMZNg\">pic.twitter.com\/mDKAPWMZNg<\/a><\/p>&mdash; Visi\u00f3n Peninsular (@VisionPe) <a href=\"https:\/\/twitter.com\/VisionPe\/status\/1094985037404164097?ref_src=twsrc%5Etfw\">February 11, 2019<\/a><\/blockquote><script async src=\"https:\/\/platform.twitter.com\/widgets.js\" charset=\"utf-8\"><\/script>\n<\/div><\/figure>\n\n\n\n<p>Con estas acciones se complementa el esfuerzo que realiza el Gobierno Estatal en materia de educaci\u00f3n, beneficiando a 601 alumnos de ambas escuelas y a la comunidad de San Jos\u00e9 Tecoh.<\/p>\n\n\n\n<p>El Primer Edil, indic\u00f3 que las acciones del Ayuntamiento se encaminan en lograr un desarrollo completo en los ni\u00f1os, incluyendo la educaci\u00f3n y la alimentaci\u00f3n, por ello se emprenden estas acciones que permitan beneficiar a los alumnos y a sus pap\u00e1s con pr\u00e1cticas saludables que combatan los \u00edndices de obesidad en Yucat\u00e1n y M\u00e9rida. <\/p>\n\n\n\n<p>Al respecto, el director de Desarrollo Social del Ayuntamiento, Jos\u00e9 Lu\u00eds Mart\u00ednez Semerena, indic\u00f3 que se invirti\u00f3 en este proyecto un mill\u00f3n 608 mil pesos, con la instrucci\u00f3n del Alcalde de trabajar en acciones que permitan la misma M\u00e9rida para todos.<\/p>\n\n\n\n<figure class=\"wp-block-embed-twitter wp-block-embed is-type-rich is-provider-twitter\"><div class=\"wp-block-embed__wrapper\">\n<blockquote class=\"twitter-tweet\" data-width=\"550\" data-dnt=\"true\"><p lang=\"es\" dir=\"ltr\">La instrucci\u00f3n del <a href=\"https:\/\/twitter.com\/hashtag\/Alcalde?src=hash&amp;ref_src=twsrc%5Etfw\">#Alcalde<\/a> <a href=\"https:\/\/twitter.com\/RenanBarrera?ref_src=twsrc%5Etfw\">@RenanBarrera<\/a> es trabajar por la misma <a href=\"https:\/\/twitter.com\/hashtag\/M%C3%A9rida?src=hash&amp;ref_src=twsrc%5Etfw\">#M\u00e9rida<\/a> para todos: <a href=\"https:\/\/twitter.com\/Primomartinez_?ref_src=twsrc%5Etfw\">@Primomartinez_<\/a> <a href=\"https:\/\/twitter.com\/AyuntaMerida?ref_src=twsrc%5Etfw\">@AyuntaMerida<\/a> <a href=\"https:\/\/twitter.com\/aliciatriay77?ref_src=twsrc%5Etfw\">@aliciatriay77<\/a> <a href=\"https:\/\/twitter.com\/Valerie_amador?ref_src=twsrc%5Etfw\">@Valerie_amador<\/a> <a href=\"https:\/\/twitter.com\/maenunez8?ref_src=twsrc%5Etfw\">@maenunez8<\/a> <a href=\"https:\/\/t.co\/RfwJHxNbTr\">pic.twitter.com\/RfwJHxNbTr<\/a><\/p>&mdash; Visi\u00f3n Peninsular (@VisionPe) <a href=\"https:\/\/twitter.com\/VisionPe\/status\/1094982259952754688?ref_src=twsrc%5Etfw\">February 11, 2019<\/a><\/blockquote><script async src=\"https:\/\/platform.twitter.com\/widgets.js\" charset=\"utf-8\"><\/script>\n<\/div><\/figure>\n\n\n\n<p>El Comedor fue inaugurado con el primer desayuno para los alumnos de la primaria, donde el Alcalde participo conviviendo con los ni\u00f1os y repartiendo el desayuno para los peque\u00f1os, junto a balones nuevos para que todos disfruten de actividades f\u00edsicas. <\/p>\n\n\n\n<figure class=\"wp-block-image\"><img loading=\"lazy\" width=\"4032\" height=\"2268\" src=\"https:\/\/i1.wp.com\/visionpeninsular.com\/mid\/wp-content\/uploads\/2019\/02\/20190211_094520.jpg?fit=618%2C348\" alt=\"\" class=\"wp-image-67863\" srcset=\"https:\/\/visionpeninsular.com\/mid\/wp-content\/uploads\/2019\/02\/20190211_094520.jpg 4032w, https:\/\/visionpeninsular.com\/mid\/wp-content\/uploads\/2019\/02\/20190211_094520-300x169.jpg 300w, https:\/\/visionpeninsular.com\/mid\/wp-content\/uploads\/2019\/02\/20190211_094520-768x432.jpg 768w, https:\/\/visionpeninsular.com\/mid\/wp-content\/uploads\/2019\/02\/20190211_094520-1024x576.jpg 1024w\" sizes=\"(max-width: 4032px) 100vw, 4032px\" \/><\/figure>\n\n\n\n<figure class=\"wp-block-image\"><img loading=\"lazy\" width=\"4032\" height=\"2268\" src=\"https:\/\/i1.wp.com\/visionpeninsular.com\/mid\/wp-content\/uploads\/2019\/02\/20190211_093109.jpg?fit=618%2C348\" alt=\"\" class=\"wp-image-67864\" srcset=\"https:\/\/visionpeninsular.com\/mid\/wp-content\/uploads\/2019\/02\/20190211_093109.jpg 4032w, https:\/\/visionpeninsular.com\/mid\/wp-content\/uploads\/2019\/02\/20190211_093109-300x169.jpg 300w, https:\/\/visionpeninsular.com\/mid\/wp-content\/uploads\/2019\/02\/20190211_093109-768x432.jpg 768w, https:\/\/visionpeninsular.com\/mid\/wp-content\/uploads\/2019\/02\/20190211_093109-1024x576.jpg 1024w\" sizes=\"(max-width: 4032px) 100vw, 4032px\" \/><\/figure>\n<div class='share-to-whatsapp-wrapper'><div class='share-on-whsp'>Share on: <\/div><a data-text='Entrega Ren\u00e1n Barrera comedor en San Jos\u00e9 Tecoh beneficiando a 601 ni\u00f1os' data-link='https:\/\/visionpeninsular.com\/mid\/entrega-renan-barrera-comedor-en-san-jose-tecoh-beneficiando-601-ninos\/' class='whatsapp-button whatsapp-share'>WhatsApp<\/a><div class='clear '><\/div><\/div>","protected":false},"excerpt":{"rendered":"<p>El d\u00eda de hoy el Alcalde Ren\u00e1n Barrera Concha inaugur\u00f3 el Comedor Escolar en la Escuela Primaria Benito Ju\u00e1rez Garc\u00eda y Ni\u00f1os H\u00e9roes. Inaugura #Alcalde @RenanBarrera el Comedor Escolar en la Escuela Primaria Benito Ju\u00e1rez Garc\u00eda. @AyuntaMerida @Primomartinez_ @Valerie_amador @aliciatriay77 @maenunez8 pic.twitter.com\/mDKAPWMZNg&mdash; Visi\u00f3n Peninsular (@VisionPe) February 11, 2019 Con estas acciones se complementa el esfuerzo &hellip;<\/p>\n","protected":false},"author":1,"featured_media":67884,"comment_status":"open","ping_status":"open","sticky":false,"template":"","format":"standard","meta":{"_mi_skip_tracking":false},"categories":[49],"tags":[216,107],"_links":{"self":[{"href":"https:\/\/visionpeninsular.com\/mid\/wp-json\/wp\/v2\/posts\/67858"}],"collection":[{"href":"https:\/\/visionpeninsular.com\/mid\/wp-json\/wp\/v2\/posts"}],"about":[{"href":"https:\/\/visionpeninsular.com\/mid\/wp-json\/wp\/v2\/types\/post"}],"author":[{"embeddable":true,"href":"https:\/\/visionpeninsular.com\/mid\/wp-json\/wp\/v2\/users\/1"}],"replies":[{"embeddable":true,"href":"https:\/\/visionpeninsular.com\/mid\/wp-json\/wp\/v2\/comments?post=67858"}],"version-history":[{"count":1,"href":"https:\/\/visionpeninsular.com\/mid\/wp-json\/wp\/v2\/posts\/67858\/revisions"}],"predecessor-version":[{"id":67885,"href":"https:\/\/visionpeninsular.com\/mid\/wp-json\/wp\/v2\/posts\/67858\/revisions\/67885"}],"wp:featuredmedia":[{"embeddable":true,"href":"https:\/\/visionpeninsular.com\/mid\/wp-json\/wp\/v2\/media\/67884"}],"wp:attachment":[{"href":"https:\/\/visionpeninsular.com\/mid\/wp-json\/wp\/v2\/media?parent=67858"}],"wp:term":[{"taxonomy":"category","embeddable":true,"href":"https:\/\/visionpeninsular.com\/mid\/wp-json\/wp\/v2\/categories?post=67858"},{"taxonomy":"post_tag","embeddable":true,"href":"https:\/\/visionpeninsular.com\/mid\/wp-json\/wp\/v2\/tags?post=67858"}],"curies":[{"name":"wp","href":"https:\/\/api.w.org\/{rel}","templated":true}]}}