{"id":6740,"date":"2016-07-02T07:43:00","date_gmt":"2016-07-02T12:43:00","guid":{"rendered":"http:\/\/visionpeninsular.com\/mid\/?p=6740"},"modified":"2016-07-02T09:06:26","modified_gmt":"2016-07-02T14:06:26","slug":"aguakan-debe-ser-la-primera-denuncia-contra-beto-borge","status":"publish","type":"post","link":"https:\/\/visionpeninsular.com\/mid\/aguakan-debe-ser-la-primera-denuncia-contra-beto-borge\/","title":{"rendered":"&#8220;Aguak\u00e1n&#8221; debe ser la primera DENUNCIA contra Beto Borge"},"content":{"rendered":"<p>El ambicioso proyecto de privatizaci\u00f3n del Agua potable con la empresa mejor conocida como Aguak\u00e1n inici\u00f3 el 10 de noviembre del 2014, cuando Desarrollos Hidr\u00e1ulicos de Canc\u00fan (DHC) &#8220;Aguak\u00e1n&#8221; presento una propuesta para ampliar su conseci\u00f3n del servicio en los municipios de Isla Mujeres; Benito Ju\u00e1rez e incluir Solidaridad. <\/p>\n<p>Todo esto a cambio de un pago \u00fanico por mil 55 millones de pesos y el compromiso de que Aguak\u00e1n cumpla con un pago anual, de apenas una fracci\u00f3n de los ingresos del servicio, a CAPA en contraprestaci\u00f3n variable por el usufructo de los tres municipios que durar\u00eda hasta 2053.<\/p>\n<p>Cabe mencionar que para el 12 de noviembre de citado a\u00f1o, Borge Angulo puso todo en marcha para aprobar la concesi\u00f3n de Aguak\u00e1n, empresa subsidiaria del Grupo Mexicano de Desarrollo, un influyente corporativo presidido por Jorge Ballesteros Franco.<\/p>\n<p>La aprobaci\u00f3n para entregar y privatizar el servicio de agua en estos tres municipios fue realizado en lo oculto, presuntamente con la intenci\u00f3n de que la ciudadan\u00eda no se entere de lo beneficioso de esta concesi\u00f3n, ni del monto de pago y menos de en que ser\u00eda utilizado el recurso, han acusado al mandatario. <\/p>\n<p>Y es que el 12 de noviembre de 2014 en sesi\u00f3n del Consejo de CAPA funcionarios del Estado y Alcaldes en funci\u00f3n aprobaron el acuerdo, incluyendo a los mun\u00edcipes de los tres municipios involucrados, as\u00ed como a los Legisladores Locales. <\/p>\n<p>Tras ello, en hecho r\u00e9cord, en 38 d\u00edas entregaron a Aguak\u00e1n la concesi\u00f3n del servicio en tres municipios, y presuntamente al mismo d\u00eda la empresa entrego el pago de mil 55 millones de pesos por el contrato, aunque presuntamente el dinero que debi\u00f3 entrar a CAPA no se ha registrado y no se conoce a ciencia cierta donde acabo el recurso. <\/p>\n<p>Cronolog\u00eda de la entrega del Agua a DHC:<\/p>\n<p>El primer documento donde Aguak\u00e1n solicita la ampliaci\u00f3n de la concesi\u00f3n fue entregado el 10 de noviembre del 2014, en un documento que al calce tiene la leyenda \u201cEstrictamente confidencial y no puede distribuirse a persona alguna distinta a las mencionadas en el mismo\u201d.<\/p>\n<p>El documento donde se pide ampliar la concesi\u00f3n de Canc\u00fan e Isla Mujeres, y por primera vez incluir a Solidaridad est\u00e1  est\u00e1 firmado por los apoderados legales de la empresa Jos\u00e9 Antonio Salazar Guevara y Paul Andrew Rangel Merkley, dirigido al \u201cH. Gobierno del Estado de Quintana Roo\u201d, a los \u201cmunicipios de Benito Ju\u00e1rez, Isla Mujeres y Solidaridad\u201d, y al \u201cConsejo Directivo de la Comisi\u00f3n de Agua Potable y Alcantarillado\u201d; revelando por vez primera el monto del millonario contrato.<\/p>\n<p><a href=\"http:\/\/visionpeninsular.com\/mid\/wp-content\/uploads\/2016\/07\/propuesta1.jpg\"><img loading=\"lazy\" src=\"http:\/\/visionpeninsular.com\/mid\/wp-content\/uploads\/2016\/07\/propuesta1-270x300.jpg\" alt=\"propuesta1\" width=\"270\" height=\"300\" class=\"alignnone size-medium wp-image-6741\" srcset=\"https:\/\/visionpeninsular.com\/mid\/wp-content\/uploads\/2016\/07\/propuesta1-270x300.jpg 270w, https:\/\/visionpeninsular.com\/mid\/wp-content\/uploads\/2016\/07\/propuesta1.jpg 318w\" sizes=\"(max-width: 270px) 100vw, 270px\" \/><\/a><\/p>\n<p>Esta propuesta no fue desaprovechada, y casi de inmediato se convoc\u00f3 a sesi\u00f3n al Consejo de CAPA para \u201csometer\u201d a an\u00e1lisis la propuesta, aunque est\u00e1 m\u00e1s bien fue aprobada sin cambios ni cuestionamiento en lo ya planteado por Aguak\u00e1n. <\/p>\n<p>Siendo el 12 de noviembre, que el Gobernador encabeza la segunda sesi\u00f3n extraordinaria de CAPA para aprobar esta iniciativa, sin consulta a la ciudadan\u00eda y entregando valioso tesoro futuro de los quintanarroenses.<\/p>\n<p>Estando presente y votando todos en unanimidad se aprob\u00f3 este cuantioso y misterioso contrato. <\/p>\n<p>El propio Gobernador Roberto Borge, el secretario de Desarrollo Urbano y Vivienda, Mauricio Rodr\u00edguez Marrufo; Juan Pablo Guillermo, secretario de Finanzas y Planeaci\u00f3n; adem\u00e1s de la Oficial Mayor del Gobierno del estado, Rosario Ortiz Yeladaqui; Gonzalo Abelardo Herrera Castilla, secretario de la Gesti\u00f3n P\u00fablica y comisario de la CAPA; y por supuesto, Paula Guadalupe Gonz\u00e1lez Cetina, directora de la CAPA.<\/p>\n<p>Los 10 presidentes municipales, todos priistas, integrantes del Consejo de CAPA: Eduardo Espinosa Abuxapqui, por Oth\u00f3n P. Blanco; Fredy Efr\u00e9n Marrufo Mart\u00edn, por Cozumel; Jos\u00e9 Mauricio G\u00f3ngora Escalante, por Solidaridad; Paul Michel Carrillo de C\u00e1ceres, por Benito Ju\u00e1rez; Juan Manuel Parra L\u00f3pez, por Jos\u00e9 Mar\u00eda Morelos; Gabriel Carballo Tadeo, por Felipe Carrillo Puerto; Agapito Maga\u00f1a, por Isla Mujeres; David Balam Chan, por Tulum; Luciano Sima Cab, por L\u00e1zaro C\u00e1rdenas; y Jos\u00e9 Alfredo Contreras M\u00e9ndez, por Bacalar.<\/p>\n<p><a href=\"http:\/\/visionpeninsular.com\/mid\/wp-content\/uploads\/2016\/07\/acta_capa1.jpg\"><img loading=\"lazy\" src=\"http:\/\/visionpeninsular.com\/mid\/wp-content\/uploads\/2016\/07\/acta_capa1-252x300.jpg\" alt=\"acta_capa1\" width=\"252\" height=\"300\" class=\"alignnone size-medium wp-image-6742\" srcset=\"https:\/\/visionpeninsular.com\/mid\/wp-content\/uploads\/2016\/07\/acta_capa1-252x300.jpg 252w, https:\/\/visionpeninsular.com\/mid\/wp-content\/uploads\/2016\/07\/acta_capa1.jpg 305w\" sizes=\"(max-width: 252px) 100vw, 252px\" \/><\/a><\/p>\n<p><a href=\"http:\/\/visionpeninsular.com\/mid\/wp-content\/uploads\/2016\/07\/acta_capa3.jpg\"><img loading=\"lazy\" src=\"http:\/\/visionpeninsular.com\/mid\/wp-content\/uploads\/2016\/07\/acta_capa3-254x300.jpg\" alt=\"acta_capa3\" width=\"254\" height=\"300\" class=\"alignnone size-medium wp-image-6743\" srcset=\"https:\/\/visionpeninsular.com\/mid\/wp-content\/uploads\/2016\/07\/acta_capa3-254x300.jpg 254w, https:\/\/visionpeninsular.com\/mid\/wp-content\/uploads\/2016\/07\/acta_capa3.jpg 616w\" sizes=\"(max-width: 254px) 100vw, 254px\" \/><\/a><\/p>\n<p>Tras la aprobaci\u00f3n del Consejo de la CAPA, a partir del 05 de diciembre de citado a\u00f1o, quedo signado el contrato entre Aguak\u00e1n y el Ejecutivo del Estado, donde se presume que a m\u00e1s tardar el d\u00eda 18 de diciembre, la empresa pago la cantidad extraordinaria e mil 55 millones 999 mil 962 pesos por la privatizaci\u00f3n del servicio de agua potable de los tres municipios.<\/p>\n<p>El contrato fue firmado por Juan Pablo Guillermo Molina, secretario de Finanzas y Planeaci\u00f3n y Paula Guadalupe Gonz\u00e1lez Cetina, como directora general de la CAPA, por parte del Gobierno del Estado; mientras que como representantes legales de la empresa DHC, Paul Andrew Rangel Merkley y Diego Ramos Gonz\u00e1lez de Castilla.<\/p>\n<p><a href=\"http:\/\/visionpeninsular.com\/mid\/wp-content\/uploads\/2016\/07\/contrato1.jpg\"><img loading=\"lazy\" src=\"http:\/\/visionpeninsular.com\/mid\/wp-content\/uploads\/2016\/07\/contrato1-246x300.jpg\" alt=\"contrato1\" width=\"246\" height=\"300\" class=\"alignnone size-medium wp-image-6744\" srcset=\"https:\/\/visionpeninsular.com\/mid\/wp-content\/uploads\/2016\/07\/contrato1-246x300.jpg 246w, https:\/\/visionpeninsular.com\/mid\/wp-content\/uploads\/2016\/07\/contrato1.jpg 310w\" sizes=\"(max-width: 246px) 100vw, 246px\" \/><\/a><\/p>\n<p>Tras la firma del Convenio el siguiente paso de privatizaci\u00f3n, fue formalizar la decisi\u00f3n en los cabildos de los ayuntamientos involucrados, es decir, Isla Mujeres, Benito Ju\u00e1rez y Solidaridad; para luego seguir con el Congreso Local. <\/p>\n<p>Primero fue el Ayuntamiento de Isla Mujeres, donde el 06 de diciembre se realiz\u00f3  la VIII Sesi\u00f3n extraordinaria aprob\u00e1ndose de manera un\u00e1nime la ampliaci\u00f3n de la concesi\u00f3n a la empresa Aguak\u00e1n del servicio, haci\u00e9ndolo vigente hasta el a\u00f1o 2053.<\/p>\n<p><a href=\"http:\/\/visionpeninsular.com\/mid\/wp-content\/uploads\/2016\/07\/sesion_im1.jpg\"><img loading=\"lazy\" src=\"http:\/\/visionpeninsular.com\/mid\/wp-content\/uploads\/2016\/07\/sesion_im1-255x300.jpg\" alt=\"sesion_im1\" width=\"255\" height=\"300\" class=\"alignnone size-medium wp-image-6745\" srcset=\"https:\/\/visionpeninsular.com\/mid\/wp-content\/uploads\/2016\/07\/sesion_im1-255x300.jpg 255w, https:\/\/visionpeninsular.com\/mid\/wp-content\/uploads\/2016\/07\/sesion_im1.jpg 309w\" sizes=\"(max-width: 255px) 100vw, 255px\" \/><\/a><\/p>\n<p>Seguido por Benito Ju\u00e1rez, donde Paul Carrillo, Alcalde de Municipio encabez\u00f3 el 08 de diciembre la XII Sesi\u00f3n de Cabildo, siendo privada \u00e9sta, y aprobando con mayor\u00eda la ampliaci\u00f3n de citada concesi\u00f3n. <\/p>\n<p><a href=\"http:\/\/visionpeninsular.com\/mid\/wp-content\/uploads\/2016\/07\/cancun_sesion2.jpg\"><img loading=\"lazy\" src=\"http:\/\/visionpeninsular.com\/mid\/wp-content\/uploads\/2016\/07\/cancun_sesion2-250x300.jpg\" alt=\"cancun_sesion2\" width=\"250\" height=\"300\" class=\"alignnone size-medium wp-image-6746\" srcset=\"https:\/\/visionpeninsular.com\/mid\/wp-content\/uploads\/2016\/07\/cancun_sesion2-250x300.jpg 250w, https:\/\/visionpeninsular.com\/mid\/wp-content\/uploads\/2016\/07\/cancun_sesion2.jpg 294w\" sizes=\"(max-width: 250px) 100vw, 250px\" \/><\/a><\/p>\n<p>En su calidad de todav\u00eda Alcalde de Solidaridad, el Ex.-Aspirante a la Gubernatura del Estado, Mauricio G\u00f3ngora encabez\u00f3 la XII Sesi\u00f3n de Cabildo donde tambi\u00e9n se aprob\u00f3 incluir este municipio en la concesi\u00f3n de Aguak\u00e1n. <\/p>\n<p><a href=\"http:\/\/visionpeninsular.com\/mid\/wp-content\/uploads\/2016\/07\/sesion_solidaridad1.jpg\"><img loading=\"lazy\" src=\"http:\/\/visionpeninsular.com\/mid\/wp-content\/uploads\/2016\/07\/sesion_solidaridad1-251x300.jpg\" alt=\"sesion_solidaridad1\" width=\"251\" height=\"300\" class=\"alignnone size-medium wp-image-6747\" srcset=\"https:\/\/visionpeninsular.com\/mid\/wp-content\/uploads\/2016\/07\/sesion_solidaridad1-251x300.jpg 251w, https:\/\/visionpeninsular.com\/mid\/wp-content\/uploads\/2016\/07\/sesion_solidaridad1.jpg 308w\" sizes=\"(max-width: 251px) 100vw, 251px\" \/><\/a><\/p>\n<p>Tras la formal aprobaci\u00f3n en los Cabildos de Isla Mujeres, Benito Ju\u00e1rez y Solidaridad, en la sesi\u00f3n que inici\u00f3 el 11 de diciembre y que se prolong\u00f3 hasta la madrugada del 12 de diciembre el 2014, el Congreso de Quintana Roo aprob\u00f3 por mayor\u00eda el Decreto 250 en el que qued\u00f3 en firme la pr\u00f3rroga y privatizaci\u00f3n del servicio de agua potable en estos municipios hasta el a\u00f1o 2053.<\/p>\n<p>Cabe mencionar que en esta misma sesi\u00f3n extraordinaria, se aprob\u00f3 el Decreto 249, donde se autoriza a CAPA a vender el inmueble hist\u00f3rico ubicado en la zona tur\u00edstica de Playa del Carmen. <\/p>\n<p>Adem\u00e1s, se aprob\u00f3 el decreto 251 en el que autoriza a la CAPA a contratar un cr\u00e9dito bancario por hasta 980 millones de pesos.<\/p>\n<p><a href=\"http:\/\/visionpeninsular.com\/mid\/wp-content\/uploads\/2016\/07\/decreto_250a.jpg\"><img loading=\"lazy\" src=\"http:\/\/visionpeninsular.com\/mid\/wp-content\/uploads\/2016\/07\/decreto_250a-231x300.jpg\" alt=\"decreto_250a\" width=\"231\" height=\"300\" class=\"alignnone size-medium wp-image-6748\" srcset=\"https:\/\/visionpeninsular.com\/mid\/wp-content\/uploads\/2016\/07\/decreto_250a-231x300.jpg 231w, https:\/\/visionpeninsular.com\/mid\/wp-content\/uploads\/2016\/07\/decreto_250a.jpg 620w\" sizes=\"(max-width: 231px) 100vw, 231px\" \/><\/a><\/p>\n<p><a href=\"http:\/\/visionpeninsular.com\/mid\/wp-content\/uploads\/2016\/07\/decreto-249.jpg\"><img loading=\"lazy\" src=\"http:\/\/visionpeninsular.com\/mid\/wp-content\/uploads\/2016\/07\/decreto-249-226x300.jpg\" alt=\"decreto-249\" width=\"226\" height=\"300\" class=\"alignnone size-medium wp-image-6749\" srcset=\"https:\/\/visionpeninsular.com\/mid\/wp-content\/uploads\/2016\/07\/decreto-249-226x300.jpg 226w, https:\/\/visionpeninsular.com\/mid\/wp-content\/uploads\/2016\/07\/decreto-249.jpg 620w\" sizes=\"(max-width: 226px) 100vw, 226px\" \/><\/a><\/p>\n<p><a href=\"http:\/\/visionpeninsular.com\/mid\/wp-content\/uploads\/2016\/07\/decreto_251a.jpg\"><img loading=\"lazy\" src=\"http:\/\/visionpeninsular.com\/mid\/wp-content\/uploads\/2016\/07\/decreto_251a-231x300.jpg\" alt=\"decreto_251a\" width=\"231\" height=\"300\" class=\"alignnone size-medium wp-image-6750\" srcset=\"https:\/\/visionpeninsular.com\/mid\/wp-content\/uploads\/2016\/07\/decreto_251a-231x300.jpg 231w, https:\/\/visionpeninsular.com\/mid\/wp-content\/uploads\/2016\/07\/decreto_251a.jpg 620w\" sizes=\"(max-width: 231px) 100vw, 231px\" \/><\/a><\/p>\n<p>El siguiente paso fue publicar en el Peri\u00f3dico Oficial del Estado de Quintana Roo en la edici\u00f3n N\u00famero 114 del 15 de diciembre el decreto 250 aprobando prorrogar anticipadamente a su vencimiento la vigencia del t\u00edtulo de concesi\u00f3n integral otorgado a Desarrollos Hidr\u00e1ulicos de Canc\u00fan S. A. de C. V.<\/p>\n<p>Asimismo se public\u00f3 el Decreto 251 autorizando al organismo CAPA a contratar uno o varios cr\u00e9ditos o emitir certificados burs\u00e1tiles en una o varias emisiones. <\/p>\n<p><a href=\"http:\/\/visionpeninsular.com\/mid\/wp-content\/uploads\/2016\/07\/periodico1.jpg\"><img loading=\"lazy\" src=\"http:\/\/visionpeninsular.com\/mid\/wp-content\/uploads\/2016\/07\/periodico1-232x300.jpg\" alt=\"periodico1\" width=\"232\" height=\"300\" class=\"alignnone size-medium wp-image-6751\" srcset=\"https:\/\/visionpeninsular.com\/mid\/wp-content\/uploads\/2016\/07\/periodico1-232x300.jpg 232w, https:\/\/visionpeninsular.com\/mid\/wp-content\/uploads\/2016\/07\/periodico1.jpg 312w\" sizes=\"(max-width: 232px) 100vw, 232px\" \/><\/a><\/p>\n<p>El 18 de diciembre de 2014, Roberto Borge como gobernador y los tres alcaldes de los municipios involucrados, Paul Carrillo, Agapito Maga\u00f1a y Mauricio G\u00f3ngora, firmaron la segunda modificaci\u00f3n al t\u00edtulo de concesi\u00f3n de Aguak\u00e1n en donde se formaliz\u00f3 en definitiva la privatizaci\u00f3n del servicio de agua potable.<\/p>\n<p><a href=\"http:\/\/visionpeninsular.com\/mid\/wp-content\/uploads\/2016\/07\/concecion01.jpg\"><img loading=\"lazy\" src=\"http:\/\/visionpeninsular.com\/mid\/wp-content\/uploads\/2016\/07\/concecion01-240x300.jpg\" alt=\"concecion01\" width=\"240\" height=\"300\" class=\"alignnone size-medium wp-image-6752\" srcset=\"https:\/\/visionpeninsular.com\/mid\/wp-content\/uploads\/2016\/07\/concecion01-240x300.jpg 240w, https:\/\/visionpeninsular.com\/mid\/wp-content\/uploads\/2016\/07\/concecion01.jpg 304w\" sizes=\"(max-width: 240px) 100vw, 240px\" \/><\/a><\/p>\n<p>El 18 de diciembre, se report\u00f3 a trav\u00e9s de una transferencia interbancaria, el pago de los mil 55 millones 999 mil 962 pesos acordados en el contrato firmado.<\/p>\n<p><a href=\"http:\/\/visionpeninsular.com\/mid\/wp-content\/uploads\/2016\/07\/capa_pago1.jpg\"><img loading=\"lazy\" src=\"http:\/\/visionpeninsular.com\/mid\/wp-content\/uploads\/2016\/07\/capa_pago1-225x300.jpg\" alt=\"capa_pago1\" width=\"225\" height=\"300\" class=\"alignnone size-medium wp-image-6755\" srcset=\"https:\/\/visionpeninsular.com\/mid\/wp-content\/uploads\/2016\/07\/capa_pago1-225x300.jpg 225w, https:\/\/visionpeninsular.com\/mid\/wp-content\/uploads\/2016\/07\/capa_pago1.jpg 306w\" sizes=\"(max-width: 225px) 100vw, 225px\" \/><\/a><\/p>\n<figure id=\"attachment_6756\" aria-describedby=\"caption-attachment-6756\" style=\"width: 279px\" class=\"wp-caption alignnone\"><a href=\"http:\/\/visionpeninsular.com\/mid\/wp-content\/uploads\/2016\/07\/29062016-01-44-38.jpg\"><img loading=\"lazy\" src=\"http:\/\/visionpeninsular.com\/mid\/wp-content\/uploads\/2016\/07\/29062016-01-44-38-279x300.jpg\" alt=\"Comprobante fiscal validado por la cantidad reportada.\" width=\"279\" height=\"300\" class=\"size-medium wp-image-6756\" srcset=\"https:\/\/visionpeninsular.com\/mid\/wp-content\/uploads\/2016\/07\/29062016-01-44-38-279x300.jpg 279w, https:\/\/visionpeninsular.com\/mid\/wp-content\/uploads\/2016\/07\/29062016-01-44-38.jpg 616w\" sizes=\"(max-width: 279px) 100vw, 279px\" \/><\/a><figcaption id=\"caption-attachment-6756\" class=\"wp-caption-text\">Comprobante fiscal validado por la cantidad reportada.<\/figcaption><\/figure>\n<p>Cabe mencionar que este comprobante fiscal por el pago del contrato al Gobierno del Estado no se refleja en el informe de la Auditor\u00eda de la ASEQROO del ejercicio fiscal 2014 de la CAPA, aunque si aparecen ingresos y egresos menores a los 800 millones de pesos. <\/p>\n<p>Asimismo, en el Informe del Poder Ejecutivo del mismo ejercicio fiscal aparece un concepto por poco m\u00e1s de mil millones de pesos, pero no especificados. <\/p>\n<p><a href=\"http:\/\/visionpeninsular.com\/mid\/wp-content\/uploads\/2016\/07\/poder2.jpg\"><img loading=\"lazy\" src=\"http:\/\/visionpeninsular.com\/mid\/wp-content\/uploads\/2016\/07\/poder2-300x232.jpg\" alt=\"poder2\" width=\"300\" height=\"232\" class=\"alignnone size-medium wp-image-6758\" srcset=\"https:\/\/visionpeninsular.com\/mid\/wp-content\/uploads\/2016\/07\/poder2-300x232.jpg 300w, https:\/\/visionpeninsular.com\/mid\/wp-content\/uploads\/2016\/07\/poder2.jpg 372w\" sizes=\"(max-width: 300px) 100vw, 300px\" \/><\/a><\/p>\n<p><a href=\"http:\/\/visionpeninsular.com\/mid\/wp-content\/uploads\/2016\/07\/capa_auditoria1.jpg\"><img loading=\"lazy\" src=\"http:\/\/visionpeninsular.com\/mid\/wp-content\/uploads\/2016\/07\/capa_auditoria1-300x234.jpg\" alt=\"capa_auditoria1\" width=\"300\" height=\"234\" class=\"alignnone size-medium wp-image-6757\" srcset=\"https:\/\/visionpeninsular.com\/mid\/wp-content\/uploads\/2016\/07\/capa_auditoria1-300x234.jpg 300w, https:\/\/visionpeninsular.com\/mid\/wp-content\/uploads\/2016\/07\/capa_auditoria1.jpg 365w\" sizes=\"(max-width: 300px) 100vw, 300px\" \/><\/a><\/p>\n<p><a href=\"http:\/\/visionpeninsular.com\/mid\/wp-content\/uploads\/2016\/07\/29062016-01-44-38.jpg\"><img loading=\"lazy\" src=\"http:\/\/visionpeninsular.com\/mid\/wp-content\/uploads\/2016\/07\/29062016-01-44-38-279x300.jpg\" alt=\"29062016-01-44-38\" width=\"279\" height=\"300\" class=\"alignnone size-medium wp-image-6756\" srcset=\"https:\/\/visionpeninsular.com\/mid\/wp-content\/uploads\/2016\/07\/29062016-01-44-38-279x300.jpg 279w, https:\/\/visionpeninsular.com\/mid\/wp-content\/uploads\/2016\/07\/29062016-01-44-38.jpg 616w\" sizes=\"(max-width: 279px) 100vw, 279px\" \/><\/a><\/p>\n<p>Por parte de Aguak\u00e1n, el pago del contrato quedo registrado en el Informe de resultados, al menos, en el correspondiente al \u00faltimo trimestre del 2014.<\/p>\n<p>En este informe se registran los pagos anticipados a CAPA para infraestructura, as\u00ed como la contraprestaci\u00f3n \u00fanica, que aqu\u00ed se asent\u00f3 como de mil 79 millones de pesos, y una condonaci\u00f3n de las de 235 millones de pesos por concepto del saldo pendiente seg\u00fan la contraprestaci\u00f3n pactada antes de la segunda modificaci\u00f3n del t\u00edtulo autorizada por los Ayuntamientos el 8 de Diciembre.<\/p>\n<p><a href=\"http:\/\/visionpeninsular.com\/mid\/wp-content\/uploads\/2016\/07\/informe1.jpg\"><img loading=\"lazy\" src=\"http:\/\/visionpeninsular.com\/mid\/wp-content\/uploads\/2016\/07\/informe1-245x300.jpg\" alt=\"informe1\" width=\"245\" height=\"300\" class=\"alignnone size-medium wp-image-6759\" srcset=\"https:\/\/visionpeninsular.com\/mid\/wp-content\/uploads\/2016\/07\/informe1-245x300.jpg 245w, https:\/\/visionpeninsular.com\/mid\/wp-content\/uploads\/2016\/07\/informe1.jpg 308w\" sizes=\"(max-width: 245px) 100vw, 245px\" \/><\/a><\/p>\n<div class='share-to-whatsapp-wrapper'><div class='share-on-whsp'>Share on: <\/div><a data-text='\"Aguak\u00e1n\" debe ser la primera DENUNCIA contra Beto Borge' data-link='https:\/\/visionpeninsular.com\/mid\/aguakan-debe-ser-la-primera-denuncia-contra-beto-borge\/' class='whatsapp-button whatsapp-share'>WhatsApp<\/a><div class='clear '><\/div><\/div>","protected":false},"excerpt":{"rendered":"<p>El ambicioso proyecto de privatizaci\u00f3n del Agua potable con la empresa mejor conocida como Aguak\u00e1n inici\u00f3 el 10 de noviembre del 2014, cuando Desarrollos Hidr\u00e1ulicos de Canc\u00fan (DHC) &#8220;Aguak\u00e1n&#8221; presento una propuesta para ampliar su conseci\u00f3n del servicio en los municipios de Isla Mujeres; Benito Ju\u00e1rez e incluir Solidaridad. Todo esto a cambio de un &hellip;<\/p>\n","protected":false},"author":1,"featured_media":6760,"comment_status":"open","ping_status":"open","sticky":false,"template":"","format":"standard","meta":{"_mi_skip_tracking":false},"categories":[47,50],"tags":[1406,1405],"_links":{"self":[{"href":"https:\/\/visionpeninsular.com\/mid\/wp-json\/wp\/v2\/posts\/6740"}],"collection":[{"href":"https:\/\/visionpeninsular.com\/mid\/wp-json\/wp\/v2\/posts"}],"about":[{"href":"https:\/\/visionpeninsular.com\/mid\/wp-json\/wp\/v2\/types\/post"}],"author":[{"embeddable":true,"href":"https:\/\/visionpeninsular.com\/mid\/wp-json\/wp\/v2\/users\/1"}],"replies":[{"embeddable":true,"href":"https:\/\/visionpeninsular.com\/mid\/wp-json\/wp\/v2\/comments?post=6740"}],"version-history":[{"count":5,"href":"https:\/\/visionpeninsular.com\/mid\/wp-json\/wp\/v2\/posts\/6740\/revisions"}],"predecessor-version":[{"id":6790,"href":"https:\/\/visionpeninsular.com\/mid\/wp-json\/wp\/v2\/posts\/6740\/revisions\/6790"}],"wp:featuredmedia":[{"embeddable":true,"href":"https:\/\/visionpeninsular.com\/mid\/wp-json\/wp\/v2\/media\/6760"}],"wp:attachment":[{"href":"https:\/\/visionpeninsular.com\/mid\/wp-json\/wp\/v2\/media?parent=6740"}],"wp:term":[{"taxonomy":"category","embeddable":true,"href":"https:\/\/visionpeninsular.com\/mid\/wp-json\/wp\/v2\/categories?post=6740"},{"taxonomy":"post_tag","embeddable":true,"href":"https:\/\/visionpeninsular.com\/mid\/wp-json\/wp\/v2\/tags?post=6740"}],"curies":[{"name":"wp","href":"https:\/\/api.w.org\/{rel}","templated":true}]}}