{"id":66833,"date":"2019-02-07T13:24:55","date_gmt":"2019-02-07T19:24:55","guid":{"rendered":"http:\/\/visionpeninsular.com\/mid\/?p=66833"},"modified":"2019-02-08T08:27:16","modified_gmt":"2019-02-08T14:27:16","slug":"recibe-gabriel-ramirez-medalla-silvio-zavala-del-ayuntamiento-de-merida","status":"publish","type":"post","link":"https:\/\/visionpeninsular.com\/mid\/recibe-gabriel-ramirez-medalla-silvio-zavala-del-ayuntamiento-de-merida\/","title":{"rendered":"Recibe Gabriel Ram\u00edrez Aznar Medalla Silvio Zavala del Ayuntamiento de M\u00e9rida"},"content":{"rendered":"\n<p>En Sesi\u00f3n Solemne de Cabildo, el Ayuntamiento de M\u00e9rida entreg\u00f3 la Medalla Silvio Zavala Vallado a la cultura y las artes 2019 al Pintor, escritor e historiador Pedro Gabriel Ram\u00edrez Aznar.<\/p>\n\n\n\n<figure class=\"wp-block-embed-twitter wp-block-embed is-type-rich is-provider-twitter\"><div class=\"wp-block-embed__wrapper\">\n<blockquote class=\"twitter-tweet\" data-width=\"550\" data-dnt=\"true\"><p lang=\"es\" dir=\"ltr\">Entrega <a href=\"https:\/\/twitter.com\/AyuntaMerida?ref_src=twsrc%5Etfw\">@AyuntaMerida<\/a> medalla y reconocimiento a Pedro Ram\u00edrez Aznar, recipientario de la Medalla Silvio Zavala Vallado a la cultura y las artes 2019.  <a href=\"https:\/\/twitter.com\/diana_canto?ref_src=twsrc%5Etfw\">@diana_canto<\/a> <a href=\"https:\/\/twitter.com\/juliosauma?ref_src=twsrc%5Etfw\">@juliosauma<\/a> <a href=\"https:\/\/twitter.com\/AnaGabyAguilar?ref_src=twsrc%5Etfw\">@AnaGabyAguilar<\/a> <a href=\"https:\/\/twitter.com\/Erica_Millet?ref_src=twsrc%5Etfw\">@Erica_Millet<\/a> <a href=\"https:\/\/twitter.com\/SedecultaYuc?ref_src=twsrc%5Etfw\">@SedecultaYuc<\/a> <a href=\"https:\/\/twitter.com\/aliciatriay77?ref_src=twsrc%5Etfw\">@aliciatriay77<\/a> <a href=\"https:\/\/twitter.com\/Valerie_amador?ref_src=twsrc%5Etfw\">@Valerie_amador<\/a> <a href=\"https:\/\/twitter.com\/maenunez8?ref_src=twsrc%5Etfw\">@maenunez8<\/a> <a href=\"https:\/\/t.co\/V6Nn112Rwy\">pic.twitter.com\/V6Nn112Rwy<\/a><\/p>&mdash; Visi\u00f3n Peninsular (@VisionPe) <a href=\"https:\/\/twitter.com\/VisionPe\/status\/1093581036024401928?ref_src=twsrc%5Etfw\">February 7, 2019<\/a><\/blockquote><script async src=\"https:\/\/platform.twitter.com\/widgets.js\" charset=\"utf-8\"><\/script>\n<\/div><\/figure>\n\n\n\n<p>En el marco del evento se record\u00f3 las aportaciones que el Yucateco ha brindado al mundo de la cultura y las artes, que datan desde hace 60 a\u00f1os con m\u00e1s de 80 exposiciones colectivas y 50 individuales.<\/p>\n\n\n\n<p>Asimismo, se enfatiz\u00f3 que en el Ayuntamiento de M\u00e9rida la preservaci\u00f3n del arte y la cultura son la base de reconocer todo aquello que le da identidad a los meridanos.<\/p>\n\n\n\n<p>En representaci\u00f3n del Alcalde, el Secretario de la Comuna Alejandro Ruz Castro, entreg\u00f3 la Presea a Pedro Ram\u00edrez junto a un reconocimiento como el galardonado en la edici\u00f3n 2019 al premio al arte y la cultura del Ayuntamiento.<\/p>\n\n\n\n<figure class=\"wp-block-image\"><img loading=\"lazy\" width=\"4032\" height=\"2268\" src=\"https:\/\/i0.wp.com\/visionpeninsular.com\/mid\/wp-content\/uploads\/2019\/02\/20190207_123902.jpg?fit=618%2C348\" alt=\"\" class=\"wp-image-66840\" srcset=\"https:\/\/visionpeninsular.com\/mid\/wp-content\/uploads\/2019\/02\/20190207_123902.jpg 4032w, https:\/\/visionpeninsular.com\/mid\/wp-content\/uploads\/2019\/02\/20190207_123902-300x169.jpg 300w, https:\/\/visionpeninsular.com\/mid\/wp-content\/uploads\/2019\/02\/20190207_123902-768x432.jpg 768w, https:\/\/visionpeninsular.com\/mid\/wp-content\/uploads\/2019\/02\/20190207_123902-1024x576.jpg 1024w\" sizes=\"(max-width: 4032px) 100vw, 4032px\" \/><\/figure>\n\n\n\n<figure class=\"wp-block-embed is-type-rich is-provider-vision-peninsular\"><div class=\"wp-block-embed__wrapper\">\n<blockquote class=\"wp-embedded-content\" data-secret=\"z97IqfO7P1\"><a href=\"http:\/\/visionpeninsular.com\/mid\/pedro-ramirez-aznar-recipientario-de-la-medalla-silvio-zavala\/\">Pedro Ram\u00edrez Aznar recipientario de la Medalla Silvio Zavala<\/a><\/blockquote><iframe class=\"wp-embedded-content\" sandbox=\"allow-scripts\" security=\"restricted\" style=\"position: absolute; clip: rect(1px, 1px, 1px, 1px);\" src=\"http:\/\/visionpeninsular.com\/mid\/pedro-ramirez-aznar-recipientario-de-la-medalla-silvio-zavala\/embed\/#?secret=z97IqfO7P1\" data-secret=\"z97IqfO7P1\" width=\"600\" height=\"338\" title=\"&#8220;Pedro Ram\u00edrez Aznar recipientario de la Medalla Silvio Zavala&#8221; &#8212; ..:: Visi\u00f3n Peninsular ::..\" frameborder=\"0\" marginwidth=\"0\" marginheight=\"0\" scrolling=\"no\"><\/iframe>\n<\/div><\/figure>\n<div class='share-to-whatsapp-wrapper'><div class='share-on-whsp'>Share on: <\/div><a data-text='Recibe Gabriel Ram\u00edrez Aznar Medalla Silvio Zavala del Ayuntamiento de M\u00e9rida' data-link='https:\/\/visionpeninsular.com\/mid\/recibe-gabriel-ramirez-medalla-silvio-zavala-del-ayuntamiento-de-merida\/' class='whatsapp-button whatsapp-share'>WhatsApp<\/a><div class='clear '><\/div><\/div>","protected":false},"excerpt":{"rendered":"<p>En Sesi\u00f3n Solemne de Cabildo, el Ayuntamiento de M\u00e9rida entreg\u00f3 la Medalla Silvio Zavala Vallado a la cultura y las artes 2019 al Pintor, escritor e historiador Pedro Gabriel Ram\u00edrez Aznar. Entrega @AyuntaMerida medalla y reconocimiento a Pedro Ram\u00edrez Aznar, recipientario de la Medalla Silvio Zavala Vallado a la cultura y las artes 2019. @diana_canto &hellip;<\/p>\n","protected":false},"author":1,"featured_media":66841,"comment_status":"open","ping_status":"open","sticky":false,"template":"","format":"standard","meta":{"_mi_skip_tracking":false},"categories":[50],"tags":[174,199],"_links":{"self":[{"href":"https:\/\/visionpeninsular.com\/mid\/wp-json\/wp\/v2\/posts\/66833"}],"collection":[{"href":"https:\/\/visionpeninsular.com\/mid\/wp-json\/wp\/v2\/posts"}],"about":[{"href":"https:\/\/visionpeninsular.com\/mid\/wp-json\/wp\/v2\/types\/post"}],"author":[{"embeddable":true,"href":"https:\/\/visionpeninsular.com\/mid\/wp-json\/wp\/v2\/users\/1"}],"replies":[{"embeddable":true,"href":"https:\/\/visionpeninsular.com\/mid\/wp-json\/wp\/v2\/comments?post=66833"}],"version-history":[{"count":2,"href":"https:\/\/visionpeninsular.com\/mid\/wp-json\/wp\/v2\/posts\/66833\/revisions"}],"predecessor-version":[{"id":66931,"href":"https:\/\/visionpeninsular.com\/mid\/wp-json\/wp\/v2\/posts\/66833\/revisions\/66931"}],"wp:featuredmedia":[{"embeddable":true,"href":"https:\/\/visionpeninsular.com\/mid\/wp-json\/wp\/v2\/media\/66841"}],"wp:attachment":[{"href":"https:\/\/visionpeninsular.com\/mid\/wp-json\/wp\/v2\/media?parent=66833"}],"wp:term":[{"taxonomy":"category","embeddable":true,"href":"https:\/\/visionpeninsular.com\/mid\/wp-json\/wp\/v2\/categories?post=66833"},{"taxonomy":"post_tag","embeddable":true,"href":"https:\/\/visionpeninsular.com\/mid\/wp-json\/wp\/v2\/tags?post=66833"}],"curies":[{"name":"wp","href":"https:\/\/api.w.org\/{rel}","templated":true}]}}