{"id":6631,"date":"2016-06-30T20:58:50","date_gmt":"2016-07-01T01:58:50","guid":{"rendered":"http:\/\/visionpeninsular.com\/mid\/?p=6631"},"modified":"2016-06-30T21:04:25","modified_gmt":"2016-07-01T02:04:25","slug":"construiran-clinica-del-imss-en-terreno-donado-por-el-ayuntamiento","status":"publish","type":"post","link":"https:\/\/visionpeninsular.com\/mid\/construiran-clinica-del-imss-en-terreno-donado-por-el-ayuntamiento\/","title":{"rendered":"Construir\u00e1n cl\u00ednica del IMSS en terreno donado por el Ayuntamiento"},"content":{"rendered":"<p>Jorge M\u00e9ndez Vales. Delegado del Instituto Mexicano del Seguro Social (IMSS), inform\u00f3 que los recursos para la construcci\u00f3n de una nueva Unidad de Medicina Familiar (UMF) que recibir\u00e1 el Ayuntamiento a cambio de la donaci\u00f3n de un terreno en Francisco de Montejo, no provendr\u00e1n de dicha instituci\u00f3n.<\/p>\n<p>&#8220;Este terreno que amablemente el Ayuntamiento de M\u00e9rida nos donar\u00e1 es de aproximadamente seis mil metros cuadrados. El IMSS no cuenta con un presupuesto destinado para este fin pero s\u00ed podemos coadyuvar con la gesti\u00f3n de los recursos que requieren para concluir la unidad deportiva ante la Comisi\u00f3n Nacional de Deporte (Conade). La gesti\u00f3n est\u00e1 en tr\u00e1mite y esperamos que pronto sea una realidad\u201d, explic\u00f3.<\/p>\n<p>La Comuna requiere de 12 millones de pesos para concluir la construcci\u00f3n de complejo deportivo ubicado en la calle 30 con 29 del citado fraccionamiento, la cual inici\u00f3 desde la administraci\u00f3n de Ang\u00e9lica Araujo.<\/p>\n<p>M\u00e9ndez Vales dijo que de contar con una UMF en esa zona, se beneficiar\u00eda a m\u00e1s de 180 mil derechohabientes del IMSS.<\/p>\n<div class='share-to-whatsapp-wrapper'><div class='share-on-whsp'>Share on: <\/div><a data-text='Construir\u00e1n cl\u00ednica del IMSS en terreno donado por el Ayuntamiento' data-link='https:\/\/visionpeninsular.com\/mid\/construiran-clinica-del-imss-en-terreno-donado-por-el-ayuntamiento\/' class='whatsapp-button whatsapp-share'>WhatsApp<\/a><div class='clear '><\/div><\/div>","protected":false},"excerpt":{"rendered":"<p>Jorge M\u00e9ndez Vales. Delegado del Instituto Mexicano del Seguro Social (IMSS), inform\u00f3 que los recursos para la construcci\u00f3n de una nueva Unidad de Medicina Familiar (UMF) que recibir\u00e1 el Ayuntamiento a cambio de la donaci\u00f3n de un terreno en Francisco de Montejo, no provendr\u00e1n de dicha instituci\u00f3n. &#8220;Este terreno que amablemente el Ayuntamiento de M\u00e9rida &hellip;<\/p>\n","protected":false},"author":1,"featured_media":6632,"comment_status":"open","ping_status":"open","sticky":false,"template":"","format":"standard","meta":{"_mi_skip_tracking":false},"categories":[50],"tags":[1380,1381,176,1379],"_links":{"self":[{"href":"https:\/\/visionpeninsular.com\/mid\/wp-json\/wp\/v2\/posts\/6631"}],"collection":[{"href":"https:\/\/visionpeninsular.com\/mid\/wp-json\/wp\/v2\/posts"}],"about":[{"href":"https:\/\/visionpeninsular.com\/mid\/wp-json\/wp\/v2\/types\/post"}],"author":[{"embeddable":true,"href":"https:\/\/visionpeninsular.com\/mid\/wp-json\/wp\/v2\/users\/1"}],"replies":[{"embeddable":true,"href":"https:\/\/visionpeninsular.com\/mid\/wp-json\/wp\/v2\/comments?post=6631"}],"version-history":[{"count":3,"href":"https:\/\/visionpeninsular.com\/mid\/wp-json\/wp\/v2\/posts\/6631\/revisions"}],"predecessor-version":[{"id":6635,"href":"https:\/\/visionpeninsular.com\/mid\/wp-json\/wp\/v2\/posts\/6631\/revisions\/6635"}],"wp:featuredmedia":[{"embeddable":true,"href":"https:\/\/visionpeninsular.com\/mid\/wp-json\/wp\/v2\/media\/6632"}],"wp:attachment":[{"href":"https:\/\/visionpeninsular.com\/mid\/wp-json\/wp\/v2\/media?parent=6631"}],"wp:term":[{"taxonomy":"category","embeddable":true,"href":"https:\/\/visionpeninsular.com\/mid\/wp-json\/wp\/v2\/categories?post=6631"},{"taxonomy":"post_tag","embeddable":true,"href":"https:\/\/visionpeninsular.com\/mid\/wp-json\/wp\/v2\/tags?post=6631"}],"curies":[{"name":"wp","href":"https:\/\/api.w.org\/{rel}","templated":true}]}}