{"id":66232,"date":"2019-02-05T18:03:04","date_gmt":"2019-02-06T00:03:04","guid":{"rendered":"http:\/\/visionpeninsular.com\/mid\/?p=66232"},"modified":"2019-02-05T18:03:12","modified_gmt":"2019-02-06T00:03:12","slug":"asiste-mauricio-vila-102-aniversario-de-constitucion-mexicana","status":"publish","type":"post","link":"https:\/\/visionpeninsular.com\/mid\/asiste-mauricio-vila-102-aniversario-de-constitucion-mexicana\/","title":{"rendered":"Asiste Mauricio Vila a 102 Aniversario de Constituci\u00f3n Mexicana"},"content":{"rendered":"\n<p>Con motivo del 102 Aniversario de la&nbsp; Promulgaci\u00f3n de la Constituci\u00f3n Pol\u00edtica de los Estados Unidos Mexicanos, el Gobernador Mauricio Vila Dosal, asisti\u00f3 a la Ceremonia que encabez\u00f3 el Presidente, Andr\u00e9s Manuel L\u00f3pez Obrador en el Teatro de la Rep\u00fablica en Quer\u00e9taro. <\/p>\n\n\n\n<figure class=\"wp-block-embed-twitter wp-block-embed is-type-rich is-provider-twitter\"><div class=\"wp-block-embed__wrapper\">\n<blockquote class=\"twitter-tweet\" data-width=\"550\" data-dnt=\"true\"><p lang=\"es\" dir=\"ltr\"><a href=\"https:\/\/twitter.com\/MauVila?ref_src=twsrc%5Etfw\">@MauVila<\/a> asiste a ceremonia en Quer\u00e9taro para conmemorar el 102 Aniversario de la Promulgaci\u00f3n de la Constituci\u00f3n de M\u00e9xico. <a href=\"https:\/\/twitter.com\/ecabreraruiz?ref_src=twsrc%5Etfw\">@ecabreraruiz<\/a> <a href=\"https:\/\/twitter.com\/maenunez8?ref_src=twsrc%5Etfw\">@maenunez8<\/a> <a href=\"https:\/\/twitter.com\/CarlosJoaquin?ref_src=twsrc%5Etfw\">@CarlosJoaquin<\/a> <a href=\"https:\/\/twitter.com\/lopezobrador_?ref_src=twsrc%5Etfw\">@lopezobrador_<\/a> <a href=\"https:\/\/t.co\/mW2mx4Ee9t\">pic.twitter.com\/mW2mx4Ee9t<\/a><\/p>&mdash; Visi\u00f3n Peninsular (@VisionPe) <a href=\"https:\/\/twitter.com\/VisionPe\/status\/1092933334634778626?ref_src=twsrc%5Etfw\">February 5, 2019<\/a><\/blockquote><script async src=\"https:\/\/platform.twitter.com\/widgets.js\" charset=\"utf-8\"><\/script>\n<\/div><\/figure>\n\n\n\n<p>En este acto, los Gobernadores asistentes atesiguaron el refrend\u00f3 a la Carta Magna como la consumaci\u00f3n de un acto de justicia. <\/p>\n\n\n\n<p>&nbsp;Al evento asistieron tambi\u00e9n los Gobernadores Mart\u00edn Orozco Sandoval, de Aguascalientes; Carlos Mendoza Davis, de Baja California Sur; Javier Corral Jurado, de Chihuahua; Miguel Riquelme Sol\u00eds, de Coahuila; Jos\u00e9 Ignacio Peralta, de Colima; Alfredo del Mazo Maza, del Estado de M\u00e9xico; Miguel M\u00e1rquez M\u00e1rquez, de Guanajuato; H\u00e9ctor Antonio Astudillo Flores, de Guerrero; Omar Fayad Meneses, de Hidalgo; Enrique Alfaro Ram\u00edrez, de Jalisco; Cuauht\u00e9moc Blanco Bravo, de Morelos; Antonio Echevarr\u00eda Garc\u00eda, de Nayarit; Jaime Rodr\u00edguez Calder\u00f3n, de Nuevo Le\u00f3n; Juan Manuel Carreras L\u00f3pez, de San Luis Potos\u00ed; Claudia Pavlovich Arellano, de Sonora; Quirino Ordaz Coppel, de Sinaloa; Ad\u00e1n Augusto L\u00f3pez Hern\u00e1ndez, de Tabasco; Marco Antonio Mena Rodr\u00edguez, de Tlaxcala y&nbsp; Cuitl\u00e1huac Garc\u00eda Jim\u00e9nez, de Veracruz, as\u00ed como la jefa de Gobierno de la Ciudad de M\u00e9xico, Claudia Sheinbaum Pardo.<\/p>\n<div class='share-to-whatsapp-wrapper'><div class='share-on-whsp'>Share on: <\/div><a data-text='Asiste Mauricio Vila a 102 Aniversario de Constituci\u00f3n Mexicana' data-link='https:\/\/visionpeninsular.com\/mid\/asiste-mauricio-vila-102-aniversario-de-constitucion-mexicana\/' class='whatsapp-button whatsapp-share'>WhatsApp<\/a><div class='clear '><\/div><\/div>","protected":false},"excerpt":{"rendered":"<p>Con motivo del 102 Aniversario de la&nbsp; Promulgaci\u00f3n de la Constituci\u00f3n Pol\u00edtica de los Estados Unidos Mexicanos, el Gobernador Mauricio Vila Dosal, asisti\u00f3 a la Ceremonia que encabez\u00f3 el Presidente, Andr\u00e9s Manuel L\u00f3pez Obrador en el Teatro de la Rep\u00fablica en Quer\u00e9taro. @MauVila asiste a ceremonia en Quer\u00e9taro para conmemorar el 102 Aniversario de la &hellip;<\/p>\n","protected":false},"author":1,"featured_media":66246,"comment_status":"open","ping_status":"open","sticky":false,"template":"","format":"standard","meta":{"_mi_skip_tracking":false},"categories":[50],"tags":[913,11719],"_links":{"self":[{"href":"https:\/\/visionpeninsular.com\/mid\/wp-json\/wp\/v2\/posts\/66232"}],"collection":[{"href":"https:\/\/visionpeninsular.com\/mid\/wp-json\/wp\/v2\/posts"}],"about":[{"href":"https:\/\/visionpeninsular.com\/mid\/wp-json\/wp\/v2\/types\/post"}],"author":[{"embeddable":true,"href":"https:\/\/visionpeninsular.com\/mid\/wp-json\/wp\/v2\/users\/1"}],"replies":[{"embeddable":true,"href":"https:\/\/visionpeninsular.com\/mid\/wp-json\/wp\/v2\/comments?post=66232"}],"version-history":[{"count":1,"href":"https:\/\/visionpeninsular.com\/mid\/wp-json\/wp\/v2\/posts\/66232\/revisions"}],"predecessor-version":[{"id":66247,"href":"https:\/\/visionpeninsular.com\/mid\/wp-json\/wp\/v2\/posts\/66232\/revisions\/66247"}],"wp:featuredmedia":[{"embeddable":true,"href":"https:\/\/visionpeninsular.com\/mid\/wp-json\/wp\/v2\/media\/66246"}],"wp:attachment":[{"href":"https:\/\/visionpeninsular.com\/mid\/wp-json\/wp\/v2\/media?parent=66232"}],"wp:term":[{"taxonomy":"category","embeddable":true,"href":"https:\/\/visionpeninsular.com\/mid\/wp-json\/wp\/v2\/categories?post=66232"},{"taxonomy":"post_tag","embeddable":true,"href":"https:\/\/visionpeninsular.com\/mid\/wp-json\/wp\/v2\/tags?post=66232"}],"curies":[{"name":"wp","href":"https:\/\/api.w.org\/{rel}","templated":true}]}}