{"id":66006,"date":"2019-02-05T09:49:03","date_gmt":"2019-02-05T15:49:03","guid":{"rendered":"http:\/\/visionpeninsular.com\/mid\/?p=66006"},"modified":"2019-02-05T09:49:12","modified_gmt":"2019-02-05T15:49:12","slug":"coqui-navarro-descansara-junto-grandes-musicos-yucatecos","status":"publish","type":"post","link":"https:\/\/visionpeninsular.com\/mid\/coqui-navarro-descansara-junto-grandes-musicos-yucatecos\/","title":{"rendered":"\u201cCoqui\u201d Navarro descansar\u00e1 junto a grandes m\u00fasicos yucatecos"},"content":{"rendered":"\n<p>Luis P\u00e9rez Sabido, presidente de la Asociaci\u00f3n de\nCompositores \u201cRicardo Palmer\u00edn\u201d, dio a conocer que las cenizas del reci\u00e9n\nfallecido compositor progrese\u00f1o Enrique \u201cCoqui\u201d Navarro,&nbsp; en breve ser\u00e1n colocadas en el Monumento a\nlos Creadores de la Canci\u00f3n Yucateca en el Cementerio General de esta ciudad.<\/p>\n\n\n\n<p>El profesor P\u00e9rez Sabido destac\u00f3 que a petici\u00f3n expresa del\nfinado compositor, las exequias se realizaron en privado por lo que sus restos\nya fueron cremados y se encuentran en el seno &nbsp;de la familia.<\/p>\n\n\n\n<p>Ayer por la tarde se realiz\u00f3 una ceremonia religiosa en la\niglesia de F\u00e1tima, y junto con el gobierno del estado se organiza una ceremonia\nluctuosa y homenaje al cantautor con un programa art\u00edstico que se dar\u00e1 a\nconocer muy pronto; la ceremonia religiosa ser\u00e1 tambi\u00e9n privada, aunque se\nespera la asistencia de compa\u00f1eros compositores, m\u00fasicos y representantes del\ngremio de los compositores a la misa de cenizas.<\/p>\n\n\n\n<p>\u201cEl Gobierno del Estado ha dado toda la atenci\u00f3n a este\nevento y en colaboraci\u00f3n con la familia se establecer\u00e1 el programa de entrega\nde cenizas al mausoleo ubicado en el Cementerio General en muy pocos d\u00edas,\ndonde reposar\u00e1n al lado de otros importantes y destacados autores de la m\u00fasica\nvern\u00e1cula yucateca\u201d, a\u00f1adi\u00f3.<\/p>\n\n\n\n<p>El monumento a los Creadores de la Canci\u00f3n Yucateca, es un\nrecinto funerario, ubicado en el Cementerio General de M\u00e9rida, fue iniciado en\n1957 para conservar los restos de autores y compositores de la m\u00fasica vern\u00e1cula\nyucateca.<\/p>\n\n\n\n<p>En este recinto se protegen las cenizas de autores como\nGustavo \u201cGuty\u201d C\u00e1rdenas, Ricardo Palmer\u00edn, Jos\u00e9 \u201cPepe\u201d Dom\u00ednguez, Ricardo \u201cEl\nvate\u201d L\u00f3pez M\u00e9ndez, Luis Espinosa Alcal\u00e1, Pastor Cervera, Rub\u00e9n Dar\u00edo Herrera,\nManuel L\u00f3pez Barbeito, entre otros.<\/p>\n<div class='share-to-whatsapp-wrapper'><div class='share-on-whsp'>Share on: <\/div><a data-text='\u201cCoqui\u201d Navarro descansar\u00e1 junto a grandes m\u00fasicos yucatecos' data-link='https:\/\/visionpeninsular.com\/mid\/coqui-navarro-descansara-junto-grandes-musicos-yucatecos\/' class='whatsapp-button whatsapp-share'>WhatsApp<\/a><div class='clear '><\/div><\/div>","protected":false},"excerpt":{"rendered":"<p>Luis P\u00e9rez Sabido, presidente de la Asociaci\u00f3n de Compositores \u201cRicardo Palmer\u00edn\u201d, dio a conocer que las cenizas del reci\u00e9n fallecido compositor progrese\u00f1o Enrique \u201cCoqui\u201d Navarro,&nbsp; en breve ser\u00e1n colocadas en el Monumento a los Creadores de la Canci\u00f3n Yucateca en el Cementerio General de esta ciudad. El profesor P\u00e9rez Sabido destac\u00f3 que a petici\u00f3n expresa &hellip;<\/p>\n","protected":false},"author":5,"featured_media":66015,"comment_status":"open","ping_status":"open","sticky":false,"template":"","format":"standard","meta":{"_mi_skip_tracking":false},"categories":[50,37],"tags":[14484,14485,14486],"_links":{"self":[{"href":"https:\/\/visionpeninsular.com\/mid\/wp-json\/wp\/v2\/posts\/66006"}],"collection":[{"href":"https:\/\/visionpeninsular.com\/mid\/wp-json\/wp\/v2\/posts"}],"about":[{"href":"https:\/\/visionpeninsular.com\/mid\/wp-json\/wp\/v2\/types\/post"}],"author":[{"embeddable":true,"href":"https:\/\/visionpeninsular.com\/mid\/wp-json\/wp\/v2\/users\/5"}],"replies":[{"embeddable":true,"href":"https:\/\/visionpeninsular.com\/mid\/wp-json\/wp\/v2\/comments?post=66006"}],"version-history":[{"count":1,"href":"https:\/\/visionpeninsular.com\/mid\/wp-json\/wp\/v2\/posts\/66006\/revisions"}],"predecessor-version":[{"id":66016,"href":"https:\/\/visionpeninsular.com\/mid\/wp-json\/wp\/v2\/posts\/66006\/revisions\/66016"}],"wp:featuredmedia":[{"embeddable":true,"href":"https:\/\/visionpeninsular.com\/mid\/wp-json\/wp\/v2\/media\/66015"}],"wp:attachment":[{"href":"https:\/\/visionpeninsular.com\/mid\/wp-json\/wp\/v2\/media?parent=66006"}],"wp:term":[{"taxonomy":"category","embeddable":true,"href":"https:\/\/visionpeninsular.com\/mid\/wp-json\/wp\/v2\/categories?post=66006"},{"taxonomy":"post_tag","embeddable":true,"href":"https:\/\/visionpeninsular.com\/mid\/wp-json\/wp\/v2\/tags?post=66006"}],"curies":[{"name":"wp","href":"https:\/\/api.w.org\/{rel}","templated":true}]}}