{"id":64670,"date":"2019-01-31T07:57:53","date_gmt":"2019-01-31T13:57:53","guid":{"rendered":"http:\/\/visionpeninsular.com\/mid\/?p=64670"},"modified":"2019-01-31T07:57:57","modified_gmt":"2019-01-31T13:57:57","slug":"partido-verde-nuevo-aliado-de-morena-en-quintana-roo","status":"publish","type":"post","link":"https:\/\/visionpeninsular.com\/mid\/partido-verde-nuevo-aliado-de-morena-en-quintana-roo\/","title":{"rendered":"Partido Verde, nuevo aliado de Morena en Quintana Roo"},"content":{"rendered":"\n<p><strong>Chetumal.- <\/strong> Morena tiene un nuevo aliado en el sureste del pa\u00eds: el Partido Verde  Ecologista de M\u00e9xico (PVEM), con quien contender\u00e1 en la elecci\u00f3n de  diputados locales en junio pr\u00f3ximo.<\/p>\n\n\n\n<p>El\n Consejo General del Instituto Electoral de Quintana Roo (Ieqroo) aprob\u00f3\n el registro del convenio de coalici\u00f3n parcial para contender en la \nelecci\u00f3n de diputados en el proceso local ordinario 2018-2019 que \nintegra a Morena, el Partido del Trabajo y el PVEM\n, que competir\u00e1 con el nombre de &#8220;Juntos Haremos Historia por Quintana \nRoo&#8221;.<\/p>\n\n\n\n<p>Hasta los comicios de 2018, \nel Verde hab\u00eda sido aliado electoral del PRI, con el que perdi\u00f3 la \ngubernatura de la entidad en 2016, con la candidatura de Mauricio \nG\u00f3ngoca, frente a Carlos Joaqu\u00edn, por la coalici\u00f3n PAN-PRD.<\/p>\n\n\n\n<p>Igualmente\n aprob\u00f3 la coalici\u00f3n parcial entre el Partido Acci\u00f3n Nacional (PAN) y el\n Partido de la Revoluci\u00f3n Democr\u00e1tica (PRD), llamada \u201cOrden y Desarrollo\n por Quintana Roo\u201d.\n<\/p>\n\n\n\n<p>\nPara la primera alianza, la distribuci\u00f3n de los Distritos para la \ncoalici\u00f3n parcial qued\u00f3 de la siguiente manera: los Distritos 2, 13 y 15\n (los \u00faltimos al sur de la entidad) ser\u00e1n para el PT; los Distritos 3, \n5, 6, 7, 9, 10, 11, 12 y 14 para Morena y los Distritos 4 y 8 (ambos en \nCanc\u00fan) para el PVEM.\n<\/p>\n\n\n\n<p>La autoridad puntualiz\u00f3 que tanto\n Morena, el PT y el PVEM para su coalici\u00f3n parcial, en el caso del \nprimero presentaron original y copia del convenio de coalici\u00f3n, que \ncontiene la firma aut\u00f3grafa de la ciudadana Yeidckol Polevnsky Gurwitz, \nsecretaria General del Comit\u00e9 Ejecutivo Nacional de Morena.\n<\/p>\n\n\n\n<p>Y de Hern\u00e1n Villatoro Barrios y \nGeovanna del Carmen Ba\u00f1uelos de la Torre, ambos comisionados Pol\u00edticos \nNacionales de Asuntos Electorales del PT en el Estado y de Misael \nS\u00e1nchez S\u00e1nchez, Secretario de Organizaci\u00f3n del Comit\u00e9 Ejecutivo \nNacional del PVEM.\n<\/p>\n\n\n\n<h3>Encuentro Social no entra en alianza<\/h3>\n\n\n\n<p>Por\n otra parte, el Consejo General estim\u00f3 conducente declarar procedente el\n registro del convenio de coalici\u00f3n al PAN y PRD para que participen en \nel Proceso electoral como coalici\u00f3n parcial para la elecci\u00f3n de \ndiputados por el principio de Mayor\u00eda Relativa, denominada \u201cOrden y \nDesarrollo por Quintana Roo\u201d.\n<\/p>\n\n\n\n<p>Adem\u00e1s, les requiri\u00f3 que \nmodifiquen su convenio de coalici\u00f3n, y lo presenten ante esa autoridad, a\n m\u00e1s tardar un d\u00eda antes del periodo de registro de candidatos, \nacompa\u00f1ado de la documentaci\u00f3n precisada en los numerales 1 y 2 del \nart\u00edculo 276 del Reglamento.\n \nEl Ieqroo subray\u00f3 que la modificaci\u00f3n solicitada, en ning\u00fan caso podr\u00e1 \nimplicar el cambio de la modalidad de la coalici\u00f3n, por la situaci\u00f3n que\n enfrenta el Partido Encuentro Social.\n<\/p>\n\n\n\n<p>\nEn ese sentido, el Ieqroo reiter\u00f3 que no cuenta con los elementos \njur\u00eddicos y legales suficientes para la determinaci\u00f3n de la procedencia \ndel registro de la coalici\u00f3n del &#8220;otrora partido pol\u00edtico Encuentro \nSocial&#8221;, dado que en este momento no tiene la calidad de partido \npol\u00edtico y por ende, carece de la personalidad jur\u00eddica.\n<\/p>\n\n\n\n<p>\nAl respecto, se record\u00f3 que la instancia jurisdiccional electoral \nfederal a\u00fan no resuelve sobre la firmeza o no de la p\u00e9rdida de registro \ndel PES como partido pol\u00edtico nacional.\n<\/p>\n\n\n\n<p>\nAnte eso, puntualiz\u00f3 que, &#8220;eventualmente&#8221;, el Ieqroo como \u00f3rgano \ncomicial local estar\u00e1 a lo que en su momento determine la Sala Superior \ndel Tribunal Electoral del Poder Judicial de la Federaci\u00f3n.\n<\/p>\n\n\n\n<p>\nSin embargo, destac\u00f3 que resulta conducente que como autoridad electoral\n maximice los derechos del PAN y PRD por su libre derecho de asociaci\u00f3n \nen materia pol\u00edtico-electoral y con el derecho a ser votado.<\/p>\n\n\n\n<p><em>*Con informaci\u00f3n de Notimex<\/em><\/p>\n<div class='share-to-whatsapp-wrapper'><div class='share-on-whsp'>Share on: <\/div><a data-text='Partido Verde, nuevo aliado de Morena en Quintana Roo' data-link='https:\/\/visionpeninsular.com\/mid\/partido-verde-nuevo-aliado-de-morena-en-quintana-roo\/' class='whatsapp-button whatsapp-share'>WhatsApp<\/a><div class='clear '><\/div><\/div>","protected":false},"excerpt":{"rendered":"<p>Chetumal.- Morena tiene un nuevo aliado en el sureste del pa\u00eds: el Partido Verde Ecologista de M\u00e9xico (PVEM), con quien contender\u00e1 en la elecci\u00f3n de diputados locales en junio pr\u00f3ximo. El Consejo General del Instituto Electoral de Quintana Roo (Ieqroo) aprob\u00f3 el registro del convenio de coalici\u00f3n parcial para contender en la elecci\u00f3n de diputados &hellip;<\/p>\n","protected":false},"author":1,"featured_media":64675,"comment_status":"open","ping_status":"open","sticky":false,"template":"","format":"standard","meta":{"_mi_skip_tracking":false},"categories":[48],"tags":[12366],"_links":{"self":[{"href":"https:\/\/visionpeninsular.com\/mid\/wp-json\/wp\/v2\/posts\/64670"}],"collection":[{"href":"https:\/\/visionpeninsular.com\/mid\/wp-json\/wp\/v2\/posts"}],"about":[{"href":"https:\/\/visionpeninsular.com\/mid\/wp-json\/wp\/v2\/types\/post"}],"author":[{"embeddable":true,"href":"https:\/\/visionpeninsular.com\/mid\/wp-json\/wp\/v2\/users\/1"}],"replies":[{"embeddable":true,"href":"https:\/\/visionpeninsular.com\/mid\/wp-json\/wp\/v2\/comments?post=64670"}],"version-history":[{"count":1,"href":"https:\/\/visionpeninsular.com\/mid\/wp-json\/wp\/v2\/posts\/64670\/revisions"}],"predecessor-version":[{"id":64676,"href":"https:\/\/visionpeninsular.com\/mid\/wp-json\/wp\/v2\/posts\/64670\/revisions\/64676"}],"wp:featuredmedia":[{"embeddable":true,"href":"https:\/\/visionpeninsular.com\/mid\/wp-json\/wp\/v2\/media\/64675"}],"wp:attachment":[{"href":"https:\/\/visionpeninsular.com\/mid\/wp-json\/wp\/v2\/media?parent=64670"}],"wp:term":[{"taxonomy":"category","embeddable":true,"href":"https:\/\/visionpeninsular.com\/mid\/wp-json\/wp\/v2\/categories?post=64670"},{"taxonomy":"post_tag","embeddable":true,"href":"https:\/\/visionpeninsular.com\/mid\/wp-json\/wp\/v2\/tags?post=64670"}],"curies":[{"name":"wp","href":"https:\/\/api.w.org\/{rel}","templated":true}]}}