{"id":6467,"date":"2016-06-29T06:15:05","date_gmt":"2016-06-29T11:15:05","guid":{"rendered":"http:\/\/visionpeninsular.com\/mid\/?p=6467"},"modified":"2016-06-29T06:15:05","modified_gmt":"2016-06-29T11:15:05","slug":"200-empresas-obtienen-plazo-en-imss-buscan-reactivar-economia-en-comercios","status":"publish","type":"post","link":"https:\/\/visionpeninsular.com\/mid\/200-empresas-obtienen-plazo-en-imss-buscan-reactivar-economia-en-comercios\/","title":{"rendered":"200 empresas obtienen plazo en IMSS &#8211; Buscan reactivar econom\u00eda en Comercios"},"content":{"rendered":"<p>Con el programa de Reactivaci\u00f3n Econ\u00f3mica las empresas que se hayan acogido al proyecto contar\u00e1n con una ampliaci\u00f3n de plazo para pagar a la instituci\u00f3n sus cuotas-obrero patronales correspondientes al periodo mayo-julio, indic\u00f3 Rafael Rodr\u00edguez Cabrera, delegado del Instituto Mexicano del Seguro Social (IMSS) en el Estado.<\/p>\n<p>Record\u00f3 que &#8220;Hace poco m\u00e1s de un mes la Presidencia de la Rep\u00fablica emiti\u00f3 un Decreto que inclu\u00eda varios puntos para la reactivaci\u00f3n econ\u00f3mica en la zona petrolera del sur del pa\u00eds y en el tema del IMSS se inclu\u00eda la posibilidad de transferir los pagos de los meses de mayo, junio y julio, para dividirlos en doce meses a partir del mes de agosto y durante los siguientes doce meses&#8221;.<\/p>\n<p>En el caso de Campeche son 200 empresas las que aplicaron para el programa, mismas que representan el 30% del padr\u00f3n de empleados de 130 mil trabajadores.<\/p>\n<p>A los empleadores se les record\u00f3 que el programa tiene como objetivo apoyarlos para que resuelvan sus problemas de liquidez.<\/p>\n<div class='share-to-whatsapp-wrapper'><div class='share-on-whsp'>Share on: <\/div><a data-text='200 empresas obtienen plazo en IMSS - Buscan reactivar econom\u00eda en Comercios' data-link='https:\/\/visionpeninsular.com\/mid\/200-empresas-obtienen-plazo-en-imss-buscan-reactivar-economia-en-comercios\/' class='whatsapp-button whatsapp-share'>WhatsApp<\/a><div class='clear '><\/div><\/div>","protected":false},"excerpt":{"rendered":"<p>Con el programa de Reactivaci\u00f3n Econ\u00f3mica las empresas que se hayan acogido al proyecto contar\u00e1n con una ampliaci\u00f3n de plazo para pagar a la instituci\u00f3n sus cuotas-obrero patronales correspondientes al periodo mayo-julio, indic\u00f3 Rafael Rodr\u00edguez Cabrera, delegado del Instituto Mexicano del Seguro Social (IMSS) en el Estado. Record\u00f3 que &#8220;Hace poco m\u00e1s de un mes &hellip;<\/p>\n","protected":false},"author":1,"featured_media":6468,"comment_status":"open","ping_status":"open","sticky":false,"template":"","format":"standard","meta":{"_mi_skip_tracking":false},"categories":[45],"tags":[176],"_links":{"self":[{"href":"https:\/\/visionpeninsular.com\/mid\/wp-json\/wp\/v2\/posts\/6467"}],"collection":[{"href":"https:\/\/visionpeninsular.com\/mid\/wp-json\/wp\/v2\/posts"}],"about":[{"href":"https:\/\/visionpeninsular.com\/mid\/wp-json\/wp\/v2\/types\/post"}],"author":[{"embeddable":true,"href":"https:\/\/visionpeninsular.com\/mid\/wp-json\/wp\/v2\/users\/1"}],"replies":[{"embeddable":true,"href":"https:\/\/visionpeninsular.com\/mid\/wp-json\/wp\/v2\/comments?post=6467"}],"version-history":[{"count":1,"href":"https:\/\/visionpeninsular.com\/mid\/wp-json\/wp\/v2\/posts\/6467\/revisions"}],"predecessor-version":[{"id":6469,"href":"https:\/\/visionpeninsular.com\/mid\/wp-json\/wp\/v2\/posts\/6467\/revisions\/6469"}],"wp:featuredmedia":[{"embeddable":true,"href":"https:\/\/visionpeninsular.com\/mid\/wp-json\/wp\/v2\/media\/6468"}],"wp:attachment":[{"href":"https:\/\/visionpeninsular.com\/mid\/wp-json\/wp\/v2\/media?parent=6467"}],"wp:term":[{"taxonomy":"category","embeddable":true,"href":"https:\/\/visionpeninsular.com\/mid\/wp-json\/wp\/v2\/categories?post=6467"},{"taxonomy":"post_tag","embeddable":true,"href":"https:\/\/visionpeninsular.com\/mid\/wp-json\/wp\/v2\/tags?post=6467"}],"curies":[{"name":"wp","href":"https:\/\/api.w.org\/{rel}","templated":true}]}}