{"id":6359,"date":"2016-06-28T04:43:57","date_gmt":"2016-06-28T09:43:57","guid":{"rendered":"http:\/\/visionpeninsular.com\/mid\/?p=6359"},"modified":"2016-06-28T05:41:58","modified_gmt":"2016-06-28T10:41:58","slug":"amc-pide-a-todos-trabajar-con-unidad-y-siempre-buscando-el-desarrollo-de-campeche","status":"publish","type":"post","link":"https:\/\/visionpeninsular.com\/mid\/amc-pide-a-todos-trabajar-con-unidad-y-siempre-buscando-el-desarrollo-de-campeche\/","title":{"rendered":"AMC pide a todos trabajar con unidad y siempre buscando el desarrollo de Campeche"},"content":{"rendered":"<p>El gobernador de Campeche, Alejandro Moreno acudi\u00f3 a la toma de protesta del nuevo presidente del Instituto de Capacitaci\u00f3n y Desarrollo Pol\u00edtico (ICADEP) del PRI, Genaro P\u00e9rez-C\u00e1mara Bol\u00edvar, en el evento hizo un llamado a los asistentes a ser priistas de tiempo completo \u201cno s\u00f3lo de s\u00e1bado a domingo o cuando convenga, y trabajar con unidad y siempre buscando el desarrollo de Campeche.<\/p>\n<p>Destac\u00f3 la importante labor que se tiene que realizar para que el PRI sea el mejor partido. &#8220;Acudo a esta reuni\u00f3n pol\u00edtica de mi partido con la firme convicci\u00f3n de ser priista, y con el compromiso claro y el cumplimiento total de mis derechos pol\u00edticos, quiero decirlo y dejarlo claro, yo soy un gobernador que estar\u00e1 cerca del PRI, porque el PRI me ayudo a ser gobernador, as\u00ed vamos a trabajar con el partido, como debe ser&#8221;.<\/p>\n<p>Alejandro Moreno, agreg\u00f3, &#8220;basta de que los gobernantes emanados del partido se alejen del PRI. Desde el primer d\u00eda de mi gobierno, todos y cada uno de los que forman parte del gobierno del estado est\u00e1n ah\u00ed porque tienen un compromiso con nuestro partido, y porque miles de priistas nos ayudaron a ganar el gobierno&#8221;.<\/p>\n<p>Subray\u00f3 que el compromiso principal es servir a todos los campechanos, sin distingos de colores y partidos. &#8220;Hoy cada funcionario de mi administraci\u00f3n tiene un compromiso ideol\u00f3gico que emano de las filas del PRI&#8221;.<\/p>\n<p>Finalmente, Alejandro Moreno, coment\u00f3, &#8220;hoy m\u00e1s que nunca los priistas debemos estar preparados, y el icadep, es el instrumento ideal, con principios, valores, ideolog\u00eda, fortaleza, y sobre todo, mucho \u00e1nimo\u201d, \u201choy la capacitaci\u00f3n, la fortaleza ideol\u00f3gica, como nunca antes la fortaleza ideol\u00f3gica, como nunca antes las necesita el partido. Tambi\u00e9n cuadros bien preparados para fortalecer el impulso en los espacios de capacitaci\u00f3n pol\u00edtica&#8221;.    <\/p>\n<div class='share-to-whatsapp-wrapper'><div class='share-on-whsp'>Share on: <\/div><a data-text='AMC pide a todos trabajar con unidad y siempre buscando el desarrollo de Campeche' data-link='https:\/\/visionpeninsular.com\/mid\/amc-pide-a-todos-trabajar-con-unidad-y-siempre-buscando-el-desarrollo-de-campeche\/' class='whatsapp-button whatsapp-share'>WhatsApp<\/a><div class='clear '><\/div><\/div>","protected":false},"excerpt":{"rendered":"<p>El gobernador de Campeche, Alejandro Moreno acudi\u00f3 a la toma de protesta del nuevo presidente del Instituto de Capacitaci\u00f3n y Desarrollo Pol\u00edtico (ICADEP) del PRI, Genaro P\u00e9rez-C\u00e1mara Bol\u00edvar, en el evento hizo un llamado a los asistentes a ser priistas de tiempo completo \u201cno s\u00f3lo de s\u00e1bado a domingo o cuando convenga, y trabajar con &hellip;<\/p>\n","protected":false},"author":1,"featured_media":6360,"comment_status":"open","ping_status":"open","sticky":false,"template":"","format":"standard","meta":{"_mi_skip_tracking":false},"categories":[46],"tags":[55],"_links":{"self":[{"href":"https:\/\/visionpeninsular.com\/mid\/wp-json\/wp\/v2\/posts\/6359"}],"collection":[{"href":"https:\/\/visionpeninsular.com\/mid\/wp-json\/wp\/v2\/posts"}],"about":[{"href":"https:\/\/visionpeninsular.com\/mid\/wp-json\/wp\/v2\/types\/post"}],"author":[{"embeddable":true,"href":"https:\/\/visionpeninsular.com\/mid\/wp-json\/wp\/v2\/users\/1"}],"replies":[{"embeddable":true,"href":"https:\/\/visionpeninsular.com\/mid\/wp-json\/wp\/v2\/comments?post=6359"}],"version-history":[{"count":1,"href":"https:\/\/visionpeninsular.com\/mid\/wp-json\/wp\/v2\/posts\/6359\/revisions"}],"predecessor-version":[{"id":6361,"href":"https:\/\/visionpeninsular.com\/mid\/wp-json\/wp\/v2\/posts\/6359\/revisions\/6361"}],"wp:featuredmedia":[{"embeddable":true,"href":"https:\/\/visionpeninsular.com\/mid\/wp-json\/wp\/v2\/media\/6360"}],"wp:attachment":[{"href":"https:\/\/visionpeninsular.com\/mid\/wp-json\/wp\/v2\/media?parent=6359"}],"wp:term":[{"taxonomy":"category","embeddable":true,"href":"https:\/\/visionpeninsular.com\/mid\/wp-json\/wp\/v2\/categories?post=6359"},{"taxonomy":"post_tag","embeddable":true,"href":"https:\/\/visionpeninsular.com\/mid\/wp-json\/wp\/v2\/tags?post=6359"}],"curies":[{"name":"wp","href":"https:\/\/api.w.org\/{rel}","templated":true}]}}