{"id":63357,"date":"2019-01-28T07:34:09","date_gmt":"2019-01-28T13:34:09","guid":{"rendered":"http:\/\/visionpeninsular.com\/mid\/?p=63357"},"modified":"2019-01-28T07:34:17","modified_gmt":"2019-01-28T13:34:17","slug":"sigue-detenido-sacerdote-pederasta-de-ciudad-del-carmen","status":"publish","type":"post","link":"https:\/\/visionpeninsular.com\/mid\/sigue-detenido-sacerdote-pederasta-de-ciudad-del-carmen\/","title":{"rendered":"Sigue detenido sacerdote pederasta de Ciudad del Carmen"},"content":{"rendered":"\n<p>Los casos de sacerdotes pederastas, registrados en distintas partes\n del mundo y del pa\u00eds, parec\u00edan alejados de nuestra entidad, sin \nembargo, a finales del 2018 el cura Gustavo Alberto Z.T., fue inculpado \nde violaci\u00f3n equiparada y abuso sexual contra I.E.Z.P, un estudiante del\n Colegio Victoria, que era parte del Seminario Menor de Nuestra Se\u00f1ora \ndel Carmen, el cual administraba el acusado.<\/p>\n\n\n\n<p>Aunque todo parece indicar que la Di\u00f3cesis de Campeche mantiene en \nsecreto este grave caso, y que habr\u00eda desterrado al presb\u00edtero de toda \nactividad clerical, ahora el inculpado en audiencia de ayer catalogada \ncomo privada ante la jueza de Control, Alejandra Flores Ver\u00e1stegui, \nbusc\u00f3 conseguir su libertad, pero la audiencia se prorrog\u00f3 hasta el \nmi\u00e9rcoles 30.<\/p>\n\n\n\n<p>Cristina P.K., mam\u00e1 del menor \u2014que vive en Campeche\u2014 pudo enterarse \nde lo sucedido, en la carpeta judicial 110\/17-2018\/JC-II, se indica que \n\u00e9l estudiaba en el Colegio Victoria, y que recibi\u00f3 una llamada del \nsacerdote Mario Ascencio Le\u00f3n, quien le dijo que algo grave estaba \nsucediendo.<\/p>\n\n\n\n<p><strong>PRESO<\/strong><\/p>\n\n\n\n<p>Pese a que Gustavo se encuentra encarcelado, y que el abuso sexual \nsobre el menor ven\u00eda ocurriendo desde el 2016, fue hasta diciembre \npasado cuando la Polic\u00eda Ministerial lo detuvo, pero ayer en una nueva \naudiencia no se pudo determinar su situaci\u00f3n jur\u00eddica, porque se ampli\u00f3 \nhasta el pr\u00f3ximo mi\u00e9rcoles.<\/p>\n\n\n\n<p>De la situaci\u00f3n jur\u00eddica del \u201cpadre\u201d, se puede resumir \u2013seg\u00fan el \nn\u00famero de apelaci\u00f3n 207\/18-2019\/S.M- que el 19 de diciembre fue \nimputado, pero ese d\u00eda pidi\u00f3 la ampliaci\u00f3n del t\u00e9rmino constitucional, y\n cuando se reanud\u00f3 la audiencia inicial lo sujetaron a prisi\u00f3n, sin \nembargo, su defensa gan\u00f3 una apelaci\u00f3n y ayer se repiti\u00f3 el proceso.<\/p>\n\n\n\n<p><strong>HECHOS<\/strong><\/p>\n\n\n\n<p>El expediente contra el cl\u00e9rigo, quien fung\u00eda como director \nespiritual del Seminario Menor, revela que desde diciembre pasado, un \njuez de Control le dict\u00f3 auto de vinculaci\u00f3n a proceso por los delitos \nantes mencionados, adem\u00e1s de que se le impuso como medida cautelar \nprisi\u00f3n preventiva de siete meses.<\/p>\n\n\n\n<p>Dentro de las acusaciones en contra de \u201cpadre\u201d Gustavo, que revel\u00f3 el\n agraviado, se detall\u00f3 que \u201cal menor de edad le vendaba los ojos y le \nordenaba que se quitara toda la ropa, que se imaginar\u00eda cosas que le iba\n diciendo el cura, que se imaginara cosas sexuales, que imaginara una \nni\u00f1a que le gustara, que imaginara que estaban sosteniendo relaciones \nsexuales, y que en ese momento lo comenz\u00f3 a masturbar\u201d.<\/p>\n\n\n\n<p>En el relato plasmado en dicha denuncia, se establece que el abuso \nsexual comenz\u00f3 desde el 2016 \u2014es decir el presb\u00edtero Gustavo practicaba \ndiversas formas de sexo con el menor\u2014. Pues aunque el ultrajado sent\u00eda \nasco por lo que hac\u00eda, deb\u00eda obedecer ya que el cura era su \u201cconsejero \nespiritual\u201d.<\/p>\n\n\n\n<p><strong>GANA APELACI\u00d3N<\/strong><\/p>\n\n\n\n<p>Cabe mencionar que la defensa del \u201cpadre\u201d, a cargo de Alicia Delgado \nChan aleg\u00f3 durante la audiencia de diciembre, y despu\u00e9s en una apelaci\u00f3n\n ante el Tribunal de Alzada, que el menor con 13 a\u00f1os, pod\u00eda ver lo \nbueno y lo malo.<\/p>\n\n\n\n<p>La abogada, f\u00e9rrea en sus alegatos durante la apelaci\u00f3n, afirm\u00f3 que \nla jueza Alejandra Flores, se justific\u00f3 al decir que el menor se \nencontraba en el seminario y que por eso nunca dijo nada, pero que por \nl\u00f3gica el agraviado tuvo que tener contacto con sus padres y contarle \nhasta alg\u00fan familiar, incluso remata diciendo que \u201ctoda duda siempre \ndebe favorecer al reo\u201d.<\/p>\n<div class='share-to-whatsapp-wrapper'><div class='share-on-whsp'>Share on: <\/div><a data-text='Sigue detenido sacerdote pederasta de Ciudad del Carmen' data-link='https:\/\/visionpeninsular.com\/mid\/sigue-detenido-sacerdote-pederasta-de-ciudad-del-carmen\/' class='whatsapp-button whatsapp-share'>WhatsApp<\/a><div class='clear '><\/div><\/div>","protected":false},"excerpt":{"rendered":"<p>Los casos de sacerdotes pederastas, registrados en distintas partes del mundo y del pa\u00eds, parec\u00edan alejados de nuestra entidad, sin embargo, a finales del 2018 el cura Gustavo Alberto Z.T., fue inculpado de violaci\u00f3n equiparada y abuso sexual contra I.E.Z.P, un estudiante del Colegio Victoria, que era parte del Seminario Menor de Nuestra Se\u00f1ora del &hellip;<\/p>\n","protected":false},"author":1,"featured_media":63394,"comment_status":"open","ping_status":"open","sticky":false,"template":"","format":"standard","meta":{"_mi_skip_tracking":false},"categories":[46],"tags":[14344],"_links":{"self":[{"href":"https:\/\/visionpeninsular.com\/mid\/wp-json\/wp\/v2\/posts\/63357"}],"collection":[{"href":"https:\/\/visionpeninsular.com\/mid\/wp-json\/wp\/v2\/posts"}],"about":[{"href":"https:\/\/visionpeninsular.com\/mid\/wp-json\/wp\/v2\/types\/post"}],"author":[{"embeddable":true,"href":"https:\/\/visionpeninsular.com\/mid\/wp-json\/wp\/v2\/users\/1"}],"replies":[{"embeddable":true,"href":"https:\/\/visionpeninsular.com\/mid\/wp-json\/wp\/v2\/comments?post=63357"}],"version-history":[{"count":1,"href":"https:\/\/visionpeninsular.com\/mid\/wp-json\/wp\/v2\/posts\/63357\/revisions"}],"predecessor-version":[{"id":63396,"href":"https:\/\/visionpeninsular.com\/mid\/wp-json\/wp\/v2\/posts\/63357\/revisions\/63396"}],"wp:featuredmedia":[{"embeddable":true,"href":"https:\/\/visionpeninsular.com\/mid\/wp-json\/wp\/v2\/media\/63394"}],"wp:attachment":[{"href":"https:\/\/visionpeninsular.com\/mid\/wp-json\/wp\/v2\/media?parent=63357"}],"wp:term":[{"taxonomy":"category","embeddable":true,"href":"https:\/\/visionpeninsular.com\/mid\/wp-json\/wp\/v2\/categories?post=63357"},{"taxonomy":"post_tag","embeddable":true,"href":"https:\/\/visionpeninsular.com\/mid\/wp-json\/wp\/v2\/tags?post=63357"}],"curies":[{"name":"wp","href":"https:\/\/api.w.org\/{rel}","templated":true}]}}