{"id":62950,"date":"2019-01-26T08:26:22","date_gmt":"2019-01-26T14:26:22","guid":{"rendered":"http:\/\/visionpeninsular.com\/mid\/?p=62950"},"modified":"2019-01-26T08:26:32","modified_gmt":"2019-01-26T14:26:32","slug":"los-altos-costos-de-electricidad-afectan-industriales-de-yucatan","status":"publish","type":"post","link":"https:\/\/visionpeninsular.com\/mid\/los-altos-costos-de-electricidad-afectan-industriales-de-yucatan\/","title":{"rendered":"Los altos costos de electricidad afectan a industriales de Yucat\u00e1n"},"content":{"rendered":"\n<p>Con la participaci\u00f3n de 42 empresas arranc\u00f3 la primera Expo\nForo de Energ\u00eda Yucat\u00e1n 2019, que promueve y organiza la delegaci\u00f3n de\nCanacintra en el estado, para brindar a la iniciativa privada y p\u00fablico en\ngeneral un espacio donde encontrar alternativas en la materia. Esta Expo estar\u00e1\nhasta el d\u00eda s\u00e1bado 26, en su horario de 9:00 a 21:00 hrs.<\/p>\n\n\n\n<p>El presidente de la C\u00e1mara Nacional de la Industria de la\nTransformaci\u00f3n, Juan Manuel Ponce D\u00edaz, destac\u00f3 la presencia en esta feria de\nempresas de clase mundial, nacionales y transnacionales que llegaron con\npropuestas para la generaci\u00f3n de energ\u00edas limpias y amigables con el medio\nambiente.<\/p>\n\n\n\n<p>En presencia de empresarios, legisladores locales y\nfederales, as\u00ed como de funcionarios de los tres \u00f3rdenes de gobierno, subray\u00f3 la\ndemanda que tiene Yucat\u00e1n de gas natural y de energ\u00edas alternativas, como\nelementos indispensables que se requieren para elevar la competitividad del\nestado.<\/p>\n\n\n\n<p>La entidad, puntualiz\u00f3, necesita contar con costos m\u00e1s bajos\nde energ\u00eda y con un sistema \u00f3ptimo de log\u00edstica, para tener un eficiente\nabastecimiento de gas natural y con ello reducir los altos costos de las\ntarifas el\u00e9ctricas.<\/p>\n\n\n\n<p>Los empresarios sabemos que para lograr esos bajos costos\ntambi\u00e9n se necesita ahorrar energ\u00eda, invertir en equipos nuevos y usar, otras\nalternativas, mismas que requieren ser conocidas por la iniciativa privada y\np\u00fablico en general, asent\u00f3.<\/p>\n\n\n\n<p>En su discurso el l\u00edder empresarial plante\u00f3: \u201cYucat\u00e1n ser\u00e1\nun estado a medias tablas en t\u00e9rminos de Producto Interno Bruto, per c\u00e1pita,\npara estar en primer plano de competitividad\u201d.<\/p>\n\n\n\n<p>En ese sentido reconoci\u00f3 que se necesitan concluir los\nproyectos de energ\u00eda renovable que est\u00e1n en proceso, para lograr que haya una\nmejor tarifa el\u00e9ctrica y abrir la oportunidad a las empresas de ser m\u00e1s\ncompetitivas.<\/p>\n\n\n\n<p>Juan Ponce D\u00edaz indic\u00f3 que este foro surgi\u00f3 de la iniciativa\nde los empresarios, la sociedad y del gobierno, para solucionar el problema de\nlos altos costos de las trifas de electricidad que se tienen en la energ\u00eda, los\ncuales impiden el crecimiento de las peque\u00f1as y medianas empresas.<\/p>\n\n\n\n<p>Por ello, este foro busca ser el sitio en donde se pueda\nencontrar las alternativas en materia de energ\u00eda como las renovables y gas\nnatural, aprovechando la sustentabilidad que brinda el estado.<\/p>\n\n\n\n<p>Se\u00f1al\u00f3 que de no contar con un mejor precio en la energ\u00eda\nel\u00e9ctrica en el estado, el sector industrial de la localidad se mantendr\u00e1\nestancado en su crecimiento, sobre todo las peque\u00f1as y medianas empresas, que\nson las que sufren por los elevados costos de energ\u00eda.<\/p>\n\n\n\n<p>El l\u00edder de los industriales recalc\u00f3 el trabajo que se\nrealiza entre la iniciativa privada y el ejecutivo estatal, para encontrar\nsoluciones al problema de los precios de la electricidad en la entidad.<\/p>\n\n\n\n<p>En su turnos el tesorero de la Canacintra nacional, Enoch\nCastellanos F\u00e9rez, hizo un llamado a los legisladores a propiciar condiciones\nigualitarias, porque ya no hay raz\u00f3n para tener tarifas diferenciadas en un\nmercado abierto de energ\u00eda el\u00e9ctrica, si ya se est\u00e1 importando gas y se tiene\nla apertura para conectar los ductos de este combustible, entre M\u00e9xico y\nEstados Unidos,<\/p>\n\n\n\n<p>Con las condiciones adecuadas el empresariado yucateco\nseguir\u00e1 invirtiendo.<\/p>\n\n\n\n<p>Los industriales yucatecos, refiri\u00f3, demandan el acceso a la\nenerg\u00eda competitiva, para estar en las mismas condiciones que otros estados del\npa\u00eds, a fin de seguir invirtiendo y generando los empleos que se requieren en\nla localidad.<\/p>\n\n\n\n<p>\u201cCon las condiciones adecuadas el empresariado yucateco\nseguir\u00e1 invirtiendo\u201d, acentu\u00f3 Enoch Castellanos.<\/p>\n\n\n\n<p>Bolet\u00edn de prensa<\/p>\n<div class='share-to-whatsapp-wrapper'><div class='share-on-whsp'>Share on: <\/div><a data-text='Los altos costos de electricidad afectan a industriales de Yucat\u00e1n' data-link='https:\/\/visionpeninsular.com\/mid\/los-altos-costos-de-electricidad-afectan-industriales-de-yucatan\/' class='whatsapp-button whatsapp-share'>WhatsApp<\/a><div class='clear '><\/div><\/div>","protected":false},"excerpt":{"rendered":"<p>Con la participaci\u00f3n de 42 empresas arranc\u00f3 la primera Expo Foro de Energ\u00eda Yucat\u00e1n 2019, que promueve y organiza la delegaci\u00f3n de Canacintra en el estado, para brindar a la iniciativa privada y p\u00fablico en general un espacio donde encontrar alternativas en la materia. Esta Expo estar\u00e1 hasta el d\u00eda s\u00e1bado 26, en su horario &hellip;<\/p>\n","protected":false},"author":5,"featured_media":62959,"comment_status":"open","ping_status":"open","sticky":false,"template":"","format":"standard","meta":{"_mi_skip_tracking":false},"categories":[50,37],"tags":[14323,14324],"_links":{"self":[{"href":"https:\/\/visionpeninsular.com\/mid\/wp-json\/wp\/v2\/posts\/62950"}],"collection":[{"href":"https:\/\/visionpeninsular.com\/mid\/wp-json\/wp\/v2\/posts"}],"about":[{"href":"https:\/\/visionpeninsular.com\/mid\/wp-json\/wp\/v2\/types\/post"}],"author":[{"embeddable":true,"href":"https:\/\/visionpeninsular.com\/mid\/wp-json\/wp\/v2\/users\/5"}],"replies":[{"embeddable":true,"href":"https:\/\/visionpeninsular.com\/mid\/wp-json\/wp\/v2\/comments?post=62950"}],"version-history":[{"count":1,"href":"https:\/\/visionpeninsular.com\/mid\/wp-json\/wp\/v2\/posts\/62950\/revisions"}],"predecessor-version":[{"id":62960,"href":"https:\/\/visionpeninsular.com\/mid\/wp-json\/wp\/v2\/posts\/62950\/revisions\/62960"}],"wp:featuredmedia":[{"embeddable":true,"href":"https:\/\/visionpeninsular.com\/mid\/wp-json\/wp\/v2\/media\/62959"}],"wp:attachment":[{"href":"https:\/\/visionpeninsular.com\/mid\/wp-json\/wp\/v2\/media?parent=62950"}],"wp:term":[{"taxonomy":"category","embeddable":true,"href":"https:\/\/visionpeninsular.com\/mid\/wp-json\/wp\/v2\/categories?post=62950"},{"taxonomy":"post_tag","embeddable":true,"href":"https:\/\/visionpeninsular.com\/mid\/wp-json\/wp\/v2\/tags?post=62950"}],"curies":[{"name":"wp","href":"https:\/\/api.w.org\/{rel}","templated":true}]}}