{"id":62594,"date":"2019-01-25T11:48:27","date_gmt":"2019-01-25T17:48:27","guid":{"rendered":"http:\/\/visionpeninsular.com\/mid\/?p=62594"},"modified":"2019-01-25T11:48:37","modified_gmt":"2019-01-25T17:48:37","slug":"exodos-una-travesia-historica-por-las-migraciones-en-yucatan-llega-al-merida-fest","status":"publish","type":"post","link":"https:\/\/visionpeninsular.com\/mid\/exodos-una-travesia-historica-por-las-migraciones-en-yucatan-llega-al-merida-fest\/","title":{"rendered":"\u201c\u00c9xodos\u201d una traves\u00eda hist\u00f3rica por las migraciones en Yucat\u00e1n llega al M\u00e9rida Fest"},"content":{"rendered":"\n<p>Para entender las nuevas situaciones de movilidad social es\nnecesario voltear los ojos al fen\u00f3meno migratorio y es precisamente el tema que\nla puesta en escena \u201c\u00c9xodos\u201d toma como eje para el proyecto que anoche se\nestren\u00f3 para el M\u00e9rida Fest en el Centro Cultural Olimpo.<\/p>\n\n\n\n<p>A diferencia de una obra de teatro convencional, los actores\n\u00c9rika Torres, Rebeca Guerrero y Carlos Caballeros se adue\u00f1aron del escenario y\na trav\u00e9s de diferentes lenguajes visuales, m\u00fasica, proyecci\u00f3n audiviosual,\nalegor\u00edas po\u00e9ticas y danza pusieron a reflexi\u00f3n uno de los fen\u00f3menos que forman\nparte de la multiculturalidad que posee el estado y su gente como hoy la\nconocemos.<\/p>\n\n\n\n<p>Desde la primera historia se atrapa al espectador: el relato\nde Surem, un indio yaqui, que poco recuerda de su tierra natal ya que fue\nvendido por el gobierno porfirista para trabajar como esclavo en las haciendas\nhenequeneras. Es la actriz, bailarina y directora esc\u00e9nica \u00c9rika Torres quien\nda la voz y vida al personaje que cuenta sus penurias ante las migraciones\nforzadas a las que fueron sometidos miles de indios yaqui y el sue\u00f1o de\nesperanza que lo mantiene vivo para no perder su identidad.<\/p>\n\n\n\n<p>A Rebeca Guerrero le toca el papel del coreano, comunidad\nque junto con m\u00e1s mil asi\u00e1ticos llegaron a las haciendas henequeneras yucatecas\ncon la promesa de mejores condiciones laborales, sue\u00f1o que qued\u00f3 lejos de la\nrealidad y que oblig\u00f3 a muchos de nuevo a escapar de los hacendados. \u201cEn mi\npueblo todos somos pescadores, aqu\u00ed es otra cosa\u201d a lo que Surem responde con\nuna alegor\u00eda sobre los otros colores que la tierra del Mayab ofrece.<\/p>\n\n\n\n<p>A lo largo de toda la obra, que dura 50 minutos, Carlos\nCaballero, con 33 a\u00f1os de trayectoria profesional, se vuelve intermediario\nentre los protagonistas y en el papel de hacendado justifica el por qu\u00e9 los\nesclavos eran tratados como tal. La \u00faltima escena se desarrolla en \u201cChemulpo\u201d,\nuna cantina a la que acud\u00eda un coreano a ahogar sus penas, personaje que\npertenec\u00eda al grupo de asi\u00e1ticos que arrib\u00f3 en 1905 al trabajo duro en las\nhaciendas y cortar las hojas del henequ\u00e9n; mientras m\u00e1s beb\u00eda se pon\u00eda a gritar\n\u201cChemulpo\u201d causando simpat\u00eda y al mismo tiempo inter\u00e9s por sus historias al\ndue\u00f1o del lugar.<\/p>\n\n\n\n<p>En cada escena, la obra logra mostrar la capacidad de\ncoexistencia y adaptaci\u00f3n entre culturas y como a trav\u00e9s del arte esc\u00e9nico se\nlogra dialogar con el espectador.<\/p>\n\n\n\n<p>Al final, los aplausos prolongados y la invitaci\u00f3n a todo el\nreparto a subir el escenario fue momento para que el director Luis Mart\u00edn Sol\u00eds\nagradeciera por apoyar este tipo de proyectos donde se muestran historias,\nalgunas desconocidas, elementos sociales y pol\u00edticos de \u00e9poca, junto con la\npromesa de agregar a la obra el tema de la migraci\u00f3n libanesa, presente en el\ndevenir hist\u00f3rico y cultural de los asentamientos en Yucat\u00e1n.<\/p>\n\n\n\n<p>\u201c\u00c9xodos\u201d tendr\u00e1 dos funciones m\u00e1s hoy &nbsp;viernes y s\u00e1bado en el Auditorio \u201cSilvio\nZavala Vallado\u201d del Centro Cultural Olimpo a las 8 de la noche. La entrada es\ngratuita.<\/p>\n\n\n\n<p>Las actividades del M\u00e9rida Fest continuar\u00e1n este viernes con\nuna nueva presentaci\u00f3n del concierto \u201cOtakus vs Gamers 2.0\u201d, con la banda\nRagnarok en el Teatro Armando Manzanero a partir de las 8 de la noche.<\/p>\n\n\n\n<p>El fin de semana el proyecto \u201cFant\u00e1stica\u201d. Festival para\npeque\u00f1as y j\u00f3venes audiencias\u201d tendr\u00e1 sus \u00faltimas actividades con el taller de\ndanza a\u00e9rea para ni\u00f1os en Tapanco Centro Cultural (de 12:30 a 14:30 horas), y\nel taller \u201cIntroducci\u00f3n a la meditaci\u00f3n para ni\u00f1os y ni\u00f1as (16:00), ambos el\ns\u00e1bado, as\u00ed como la obra \u201cLu\u2019um\u201d, t\u00edteres para ni\u00f1os el domingo en una funci\u00f3n\nal mediod\u00eda en el Auditorio del Olimpo.<\/p>\n\n\n\n<p>El M\u00e9rida Fest 2019 concluir\u00e1 sus actividades con el Marat\u00f3n\nde Baile en dos escenarios en la Plaza Grande, que recibir\u00e1n a los grupos\nAnaiza y los Rebeldes, Los M\u00e9ndez y Cleyver, a partir de las 5 de la tarde. La\nentrada es gratuita.<\/p>\n<div class='share-to-whatsapp-wrapper'><div class='share-on-whsp'>Share on: <\/div><a data-text='\u201c\u00c9xodos\u201d una traves\u00eda hist\u00f3rica por las migraciones en Yucat\u00e1n llega al M\u00e9rida Fest' data-link='https:\/\/visionpeninsular.com\/mid\/exodos-una-travesia-historica-por-las-migraciones-en-yucatan-llega-al-merida-fest\/' class='whatsapp-button whatsapp-share'>WhatsApp<\/a><div class='clear '><\/div><\/div>","protected":false},"excerpt":{"rendered":"<p>Para entender las nuevas situaciones de movilidad social es necesario voltear los ojos al fen\u00f3meno migratorio y es precisamente el tema que la puesta en escena \u201c\u00c9xodos\u201d toma como eje para el proyecto que anoche se estren\u00f3 para el M\u00e9rida Fest en el Centro Cultural Olimpo. A diferencia de una obra de teatro convencional, los &hellip;<\/p>\n","protected":false},"author":5,"featured_media":62626,"comment_status":"open","ping_status":"open","sticky":false,"template":"","format":"standard","meta":{"_mi_skip_tracking":false},"categories":[50,37],"tags":[6410,14308,14307,13801],"_links":{"self":[{"href":"https:\/\/visionpeninsular.com\/mid\/wp-json\/wp\/v2\/posts\/62594"}],"collection":[{"href":"https:\/\/visionpeninsular.com\/mid\/wp-json\/wp\/v2\/posts"}],"about":[{"href":"https:\/\/visionpeninsular.com\/mid\/wp-json\/wp\/v2\/types\/post"}],"author":[{"embeddable":true,"href":"https:\/\/visionpeninsular.com\/mid\/wp-json\/wp\/v2\/users\/5"}],"replies":[{"embeddable":true,"href":"https:\/\/visionpeninsular.com\/mid\/wp-json\/wp\/v2\/comments?post=62594"}],"version-history":[{"count":1,"href":"https:\/\/visionpeninsular.com\/mid\/wp-json\/wp\/v2\/posts\/62594\/revisions"}],"predecessor-version":[{"id":62657,"href":"https:\/\/visionpeninsular.com\/mid\/wp-json\/wp\/v2\/posts\/62594\/revisions\/62657"}],"wp:featuredmedia":[{"embeddable":true,"href":"https:\/\/visionpeninsular.com\/mid\/wp-json\/wp\/v2\/media\/62626"}],"wp:attachment":[{"href":"https:\/\/visionpeninsular.com\/mid\/wp-json\/wp\/v2\/media?parent=62594"}],"wp:term":[{"taxonomy":"category","embeddable":true,"href":"https:\/\/visionpeninsular.com\/mid\/wp-json\/wp\/v2\/categories?post=62594"},{"taxonomy":"post_tag","embeddable":true,"href":"https:\/\/visionpeninsular.com\/mid\/wp-json\/wp\/v2\/tags?post=62594"}],"curies":[{"name":"wp","href":"https:\/\/api.w.org\/{rel}","templated":true}]}}