{"id":6237,"date":"2016-06-25T06:43:16","date_gmt":"2016-06-25T11:43:16","guid":{"rendered":"http:\/\/visionpeninsular.com\/mid\/?p=6237"},"modified":"2016-06-25T06:43:16","modified_gmt":"2016-06-25T11:43:16","slug":"prd-sera-parte-importante-del-proyecto-y-programa-de-gobierno-de-quintana-roo-cj-respaldan-a-gobernador-electo","status":"publish","type":"post","link":"https:\/\/visionpeninsular.com\/mid\/prd-sera-parte-importante-del-proyecto-y-programa-de-gobierno-de-quintana-roo-cj-respaldan-a-gobernador-electo\/","title":{"rendered":"PRD \u201cser\u00e1 parte importante del proyecto y programa de gobierno de Quintana Roo&#8221;: CJ &#8211; Respaldan a Gobernador Electo"},"content":{"rendered":"<p>Agust\u00edn Basave, Presidente Nacional del PRD demostr\u00f3 su respaldo al Gobernador Electo de Quintana Roo, Carlos Joaqu\u00edn Gonz\u00e1lez de quien dijo \u201clo sentimos casi, casi perredista\u201d.<\/p>\n<p>El l\u00edder del PRD, expres\u00f3 su benepl\u00e1cito por los triunfos que consiguieron en alianza con el Partido Acci\u00f3n Nacional (PAN) en Durango, Veracruz y Quintana Roo ya que con los resultados \u201ccontribuimos a iniciar las transiciones democr\u00e1ticas\u201d, dijo. <\/p>\n<p>\u201cSi bien en los tres estados fuimos en alianza con el PAN y nos sentimos corresponsables de las victorias, en Quintana Roo nos da un particular gusto, especial satisfacci\u00f3n por el hecho de que la candidatura la construy\u00f3 el PRD\u201d, enfatiz\u00f3 Basave.<\/p>\n<p>Esto en conferencia de prensa tras una reuni\u00f3n entre Joaqu\u00edn Gonz\u00e1lez y los integrantes del Comit\u00e9 Ejecutivo Nacional (CEN) donde el Gobernador electo presento planes y programas que forman parte de su proyecto en Quintana Roo.<\/p>\n<p>Por su parte, Carlos Joaqu\u00edn, inform\u00f3 que su programa de gobierno para esa entidad mantendr\u00e1 los ideales y la fortaleza que la coalici\u00f3n PRD-PAN le dio a la campa\u00f1a.<\/p>\n<p>El PRD \u201cser\u00e1 parte importante del proyecto y programa de gobierno de Quintana Roo para los pr\u00f3ximos seis a\u00f1os\u201d, abund\u00f3 Joaqu\u00edn Gonz\u00e1lez. <\/p>\n<div class='share-to-whatsapp-wrapper'><div class='share-on-whsp'>Share on: <\/div><a data-text='PRD \u201cser\u00e1 parte importante del proyecto y programa de gobierno de Quintana Roo\": CJ - Respaldan a Gobernador Electo' data-link='https:\/\/visionpeninsular.com\/mid\/prd-sera-parte-importante-del-proyecto-y-programa-de-gobierno-de-quintana-roo-cj-respaldan-a-gobernador-electo\/' class='whatsapp-button whatsapp-share'>WhatsApp<\/a><div class='clear '><\/div><\/div>","protected":false},"excerpt":{"rendered":"<p>Agust\u00edn Basave, Presidente Nacional del PRD demostr\u00f3 su respaldo al Gobernador Electo de Quintana Roo, Carlos Joaqu\u00edn Gonz\u00e1lez de quien dijo \u201clo sentimos casi, casi perredista\u201d. El l\u00edder del PRD, expres\u00f3 su benepl\u00e1cito por los triunfos que consiguieron en alianza con el Partido Acci\u00f3n Nacional (PAN) en Durango, Veracruz y Quintana Roo ya que con &hellip;<\/p>\n","protected":false},"author":1,"featured_media":6238,"comment_status":"open","ping_status":"open","sticky":false,"template":"","format":"standard","meta":{"_mi_skip_tracking":false},"categories":[47],"tags":[54,516],"_links":{"self":[{"href":"https:\/\/visionpeninsular.com\/mid\/wp-json\/wp\/v2\/posts\/6237"}],"collection":[{"href":"https:\/\/visionpeninsular.com\/mid\/wp-json\/wp\/v2\/posts"}],"about":[{"href":"https:\/\/visionpeninsular.com\/mid\/wp-json\/wp\/v2\/types\/post"}],"author":[{"embeddable":true,"href":"https:\/\/visionpeninsular.com\/mid\/wp-json\/wp\/v2\/users\/1"}],"replies":[{"embeddable":true,"href":"https:\/\/visionpeninsular.com\/mid\/wp-json\/wp\/v2\/comments?post=6237"}],"version-history":[{"count":2,"href":"https:\/\/visionpeninsular.com\/mid\/wp-json\/wp\/v2\/posts\/6237\/revisions"}],"predecessor-version":[{"id":6240,"href":"https:\/\/visionpeninsular.com\/mid\/wp-json\/wp\/v2\/posts\/6237\/revisions\/6240"}],"wp:featuredmedia":[{"embeddable":true,"href":"https:\/\/visionpeninsular.com\/mid\/wp-json\/wp\/v2\/media\/6238"}],"wp:attachment":[{"href":"https:\/\/visionpeninsular.com\/mid\/wp-json\/wp\/v2\/media?parent=6237"}],"wp:term":[{"taxonomy":"category","embeddable":true,"href":"https:\/\/visionpeninsular.com\/mid\/wp-json\/wp\/v2\/categories?post=6237"},{"taxonomy":"post_tag","embeddable":true,"href":"https:\/\/visionpeninsular.com\/mid\/wp-json\/wp\/v2\/tags?post=6237"}],"curies":[{"name":"wp","href":"https:\/\/api.w.org\/{rel}","templated":true}]}}