{"id":62293,"date":"2019-01-25T10:50:58","date_gmt":"2019-01-25T16:50:58","guid":{"rendered":"http:\/\/visionpeninsular.com\/mid\/?p=62293"},"modified":"2019-01-25T10:51:04","modified_gmt":"2019-01-25T16:51:04","slug":"inauguran-el-primer-expo-foro-de-energia-yucatan-2019","status":"publish","type":"post","link":"https:\/\/visionpeninsular.com\/mid\/inauguran-el-primer-expo-foro-de-energia-yucatan-2019\/","title":{"rendered":"Inauguran el primer Expo Foro de Energ\u00eda Yucat\u00e1n 2019"},"content":{"rendered":"\n<p>Esta ma\u00f1ana fue inaugurado el Expo Foro de Energ\u00eda Yucat\u00e1n 2019; con el objetivo de traer opciones y soluciones en materia energ\u00e9tica para los comercios del Estado.<\/p>\n\n\n\n<p>Al respecto, el titular de la CANACINTRA Yucat\u00e1n, Juan Manuel Ponce D\u00edaz, se\u00f1al\u00f3 que traer soluciones precisas al tema de gasto energ\u00e9tico permitir\u00e1 a los comercios del Estado posicionarse a nivel nacional.<\/p>\n\n\n\n<p>Por su parte, el Alcalde Ren\u00e1n Barrera Concha, se\u00f1al\u00f3 que el Ayuntamiento de M\u00e9rida esta comprometido con brindar energ\u00edas limpias para el Municipio y el Estado. <\/p>\n\n\n\n<p>Mientras que el Secretario de Fomento Econ\u00f3mico del Estado, Ernesto Herrera Novelo, recalc\u00f3 que Yucat\u00e1n esta listo para impulsar su competitividad del Comercio, y que para ello es importante que impulsar la generaci\u00f3n de energ\u00edas m\u00e1s limpias y productivas para la Entidad. <\/p>\n<div class='share-to-whatsapp-wrapper'><div class='share-on-whsp'>Share on: <\/div><a data-text='Inauguran el primer Expo Foro de Energ\u00eda Yucat\u00e1n 2019' data-link='https:\/\/visionpeninsular.com\/mid\/inauguran-el-primer-expo-foro-de-energia-yucatan-2019\/' class='whatsapp-button whatsapp-share'>WhatsApp<\/a><div class='clear '><\/div><\/div>","protected":false},"excerpt":{"rendered":"<p>Esta ma\u00f1ana fue inaugurado el Expo Foro de Energ\u00eda Yucat\u00e1n 2019; con el objetivo de traer opciones y soluciones en materia energ\u00e9tica para los comercios del Estado. Al respecto, el titular de la CANACINTRA Yucat\u00e1n, Juan Manuel Ponce D\u00edaz, se\u00f1al\u00f3 que traer soluciones precisas al tema de gasto energ\u00e9tico permitir\u00e1 a los comercios del Estado &hellip;<\/p>\n","protected":false},"author":1,"featured_media":62325,"comment_status":"open","ping_status":"open","sticky":false,"template":"","format":"standard","meta":{"_mi_skip_tracking":false},"categories":[50],"tags":[],"_links":{"self":[{"href":"https:\/\/visionpeninsular.com\/mid\/wp-json\/wp\/v2\/posts\/62293"}],"collection":[{"href":"https:\/\/visionpeninsular.com\/mid\/wp-json\/wp\/v2\/posts"}],"about":[{"href":"https:\/\/visionpeninsular.com\/mid\/wp-json\/wp\/v2\/types\/post"}],"author":[{"embeddable":true,"href":"https:\/\/visionpeninsular.com\/mid\/wp-json\/wp\/v2\/users\/1"}],"replies":[{"embeddable":true,"href":"https:\/\/visionpeninsular.com\/mid\/wp-json\/wp\/v2\/comments?post=62293"}],"version-history":[{"count":1,"href":"https:\/\/visionpeninsular.com\/mid\/wp-json\/wp\/v2\/posts\/62293\/revisions"}],"predecessor-version":[{"id":62330,"href":"https:\/\/visionpeninsular.com\/mid\/wp-json\/wp\/v2\/posts\/62293\/revisions\/62330"}],"wp:featuredmedia":[{"embeddable":true,"href":"https:\/\/visionpeninsular.com\/mid\/wp-json\/wp\/v2\/media\/62325"}],"wp:attachment":[{"href":"https:\/\/visionpeninsular.com\/mid\/wp-json\/wp\/v2\/media?parent=62293"}],"wp:term":[{"taxonomy":"category","embeddable":true,"href":"https:\/\/visionpeninsular.com\/mid\/wp-json\/wp\/v2\/categories?post=62293"},{"taxonomy":"post_tag","embeddable":true,"href":"https:\/\/visionpeninsular.com\/mid\/wp-json\/wp\/v2\/tags?post=62293"}],"curies":[{"name":"wp","href":"https:\/\/api.w.org\/{rel}","templated":true}]}}