{"id":61232,"date":"2019-01-22T11:47:20","date_gmt":"2019-01-22T17:47:20","guid":{"rendered":"http:\/\/visionpeninsular.com\/mid\/?p=61232"},"modified":"2019-01-22T11:47:30","modified_gmt":"2019-01-22T17:47:30","slug":"traficantes-de-cubanos-detenidos-en-merida-tendrian-nexos-internacionales","status":"publish","type":"post","link":"https:\/\/visionpeninsular.com\/mid\/traficantes-de-cubanos-detenidos-en-merida-tendrian-nexos-internacionales\/","title":{"rendered":"Traficantes de cubanos detenidos en M\u00e9rida tendr\u00edan nexos internacionales"},"content":{"rendered":"\n<p>Megamedia<\/p>\n\n\n\n<p>Publicado en Diario de Yucat\u00e1n<\/p>\n\n\n\n<p>Ser\u00eda traficante de cubanos una pareja detenida<\/p>\n\n\n\n<p>La carpeta de investigaci\u00f3n que integr\u00f3 el Ministerio\nP\u00fablico de la Federaci\u00f3n adscrito a la Fiscal\u00eda General de la Rep\u00fablica en\nYucat\u00e1n se\u00f1ala que los presuntos secuestradores de un grupo de cubanos pidieron\nun rescate de 2,500 d\u00f3lares a los familiares de \u00e9stos por su liberaci\u00f3n.<\/p>\n\n\n\n<p>Pero antes de que los plagiarios concretaran la operaci\u00f3n\nsurgi\u00f3 una indisciplina de los retenidos.<\/p>\n\n\n\n<p>Eso llam\u00f3 la atenci\u00f3n de los vecinos de la casa donde los\ncubanos estuvieron privados de la libertad d\u00edas antes, y aquellos, en apego a\nla costumbre yucateca, reportaron los hechos de violencia al n\u00famero de\nemergencia 911, lo que deriv\u00f3 en r\u00e1pida movilizaci\u00f3n de agentes antisecuestros\ny grupos de \u00e9lite de la Secretar\u00eda de Seguridad P\u00fablica, que rescataron a los\ncinco cautivos y detuvieron a dos sospechosos: un var\u00f3n de origen cubano\n(identificado en el expediente con las siglas M.A.R.H.) y una yucateca (M.S.C.D).<\/p>\n\n\n\n<p>La operaci\u00f3n policiaca fue limpia: sin disparos ni\nlesionados, con el \u201cfactor sorpresa\u201d de que se realiz\u00f3 en la noche (a las 23\nhoras del mi\u00e9rcoles 16) y con un desplazamiento t\u00e1ctico de alta escuela\npolicial que dio resultados positivos.<\/p>\n\n\n\n<p>Sin embargo, dicen las fuentes consultadas, la intervenci\u00f3n\nfue exitosa y sin hechos de sangre porque los presuntos secuestradores no son\nprofesionales ni estaban armados. Apegados al protocolo de delitos de alto\nimpacto, la SSP dio parte a la Fiscal\u00eda General de delitos del fuero com\u00fan y a\nla Fiscal\u00eda General de la Federaci\u00f3n, que combate los delitos federales, de\nmodo que esta \u00faltima report\u00f3 la detenci\u00f3n de los secuestradores. Esto hizo que\nun grupo especial de ocho agentes de la Subprocuradur\u00eda Especializada en Investigaciones\nde Delincuencia Organizada (Seido) viniera a integrar la investigaci\u00f3n,\ninterrogar a los detenidos y recopilar informaci\u00f3n que los conduzca al grupo\ndelictivo al que pertenecen. Pero durante las investigaciones ministeriales\nsalieron elementos que indican que es un caso de tr\u00e1fico de personas con nexos\ninternacionales en Cuba, M\u00e9xico y Estados Unidos.<\/p>\n\n\n\n<p>La evidencia de que pudiera tratarse de tr\u00e1fico de cubanos\nes que el predio que utilizaron, en la calle 5 con 32 de la colonia Pensiones,\na espaldas de la agencia Chevrolet y el supermercado Ak\u00ed, est\u00e1 en una zona\npoblada. Entre los cautivos hab\u00eda ni\u00f1os y una persona enferma, y los supuestos\nplagiarios son conocidos en el rumbo, al grado de que algunos vecinos los\nse\u00f1alaron como \u201cNegro\u201d y M\u00f3nica, como publicamos el s\u00e1bado pasado.<\/p>\n\n\n\n<p>Adem\u00e1s, la cantidad de dinero que pidieron es muy bajo para\nun caso de secuestro cometido por bandas profesionales ligados a la\ndelincuencia organizada.<\/p>\n\n\n\n<p>La polic\u00eda estatal rescat\u00f3 a cinco personas de origen\ncubano, entre ellos uno que dijo ser empresario, y la petici\u00f3n de un rescate de\n2,500 d\u00f3lares fue la prueba legal para que se acreditaran secuestro y\ndelincuencia organizada, delitos federales considerados graves que no permiten\nla libertad bajo fianza.\u2014 Megamedia<\/p>\n\n\n\n<p>Publicado en Diario de Yucat\u00e1n<\/p>\n<div class='share-to-whatsapp-wrapper'><div class='share-on-whsp'>Share on: <\/div><a data-text='Traficantes de cubanos detenidos en M\u00e9rida tendr\u00edan nexos internacionales' data-link='https:\/\/visionpeninsular.com\/mid\/traficantes-de-cubanos-detenidos-en-merida-tendrian-nexos-internacionales\/' class='whatsapp-button whatsapp-share'>WhatsApp<\/a><div class='clear '><\/div><\/div>","protected":false},"excerpt":{"rendered":"<p>Megamedia Publicado en Diario de Yucat\u00e1n Ser\u00eda traficante de cubanos una pareja detenida La carpeta de investigaci\u00f3n que integr\u00f3 el Ministerio P\u00fablico de la Federaci\u00f3n adscrito a la Fiscal\u00eda General de la Rep\u00fablica en Yucat\u00e1n se\u00f1ala que los presuntos secuestradores de un grupo de cubanos pidieron un rescate de 2,500 d\u00f3lares a los familiares de &hellip;<\/p>\n","protected":false},"author":5,"featured_media":61241,"comment_status":"open","ping_status":"open","sticky":false,"template":"","format":"standard","meta":{"_mi_skip_tracking":false},"categories":[50,37],"tags":[14251,666,14253,9408,752,14250,227],"_links":{"self":[{"href":"https:\/\/visionpeninsular.com\/mid\/wp-json\/wp\/v2\/posts\/61232"}],"collection":[{"href":"https:\/\/visionpeninsular.com\/mid\/wp-json\/wp\/v2\/posts"}],"about":[{"href":"https:\/\/visionpeninsular.com\/mid\/wp-json\/wp\/v2\/types\/post"}],"author":[{"embeddable":true,"href":"https:\/\/visionpeninsular.com\/mid\/wp-json\/wp\/v2\/users\/5"}],"replies":[{"embeddable":true,"href":"https:\/\/visionpeninsular.com\/mid\/wp-json\/wp\/v2\/comments?post=61232"}],"version-history":[{"count":1,"href":"https:\/\/visionpeninsular.com\/mid\/wp-json\/wp\/v2\/posts\/61232\/revisions"}],"predecessor-version":[{"id":61242,"href":"https:\/\/visionpeninsular.com\/mid\/wp-json\/wp\/v2\/posts\/61232\/revisions\/61242"}],"wp:featuredmedia":[{"embeddable":true,"href":"https:\/\/visionpeninsular.com\/mid\/wp-json\/wp\/v2\/media\/61241"}],"wp:attachment":[{"href":"https:\/\/visionpeninsular.com\/mid\/wp-json\/wp\/v2\/media?parent=61232"}],"wp:term":[{"taxonomy":"category","embeddable":true,"href":"https:\/\/visionpeninsular.com\/mid\/wp-json\/wp\/v2\/categories?post=61232"},{"taxonomy":"post_tag","embeddable":true,"href":"https:\/\/visionpeninsular.com\/mid\/wp-json\/wp\/v2\/tags?post=61232"}],"curies":[{"name":"wp","href":"https:\/\/api.w.org\/{rel}","templated":true}]}}