{"id":6077,"date":"2016-06-23T05:21:35","date_gmt":"2016-06-23T10:21:35","guid":{"rendered":"http:\/\/visionpeninsular.com\/mid\/?p=6077"},"modified":"2016-06-23T05:22:14","modified_gmt":"2016-06-23T10:22:14","slug":"tras-negativa-de-reprimir-al-pueblo-en-el-congreso-local-renuncia-directivo-de-policia-municipal","status":"publish","type":"post","link":"https:\/\/visionpeninsular.com\/mid\/tras-negativa-de-reprimir-al-pueblo-en-el-congreso-local-renuncia-directivo-de-policia-municipal\/","title":{"rendered":"Tras negativa de &#8220;reprimir&#8221; al pueblo en el Congreso Local &#8211; &#8220;Renuncia&#8221; directivo de polic\u00eda municipal"},"content":{"rendered":"<p>Como hemos informado desde el inicio de la semana se han registrado movilizaciones en el Recinto del Congreso de Quintana Roo, ubicado en Chetumal, ante ello se ha desplegado zendo operativo polic\u00edaco que ha repelido a los ciudadanos inconformes incluso con gas lacrim\u00f3geno.<\/p>\n<p>Sin embargo en un hecho poco com\u00fan, un directivo de la Polic\u00eda de Oth\u00f3n P. Blanco, capital del Estado, se neg\u00f3 a movilizar a sus elementos en el enfrentamiento contra los ciudadanos manifestantes, raz\u00f3n por la que ahora confirma su separaci\u00f3n del cargo como directivo. <\/p>\n<p>Se trata de Didier V\u00e1zquez M\u00e9ndez, quien ha generado revuelo con las versiones, ya que se rumora que entre las causas de su separaci\u00f3n del cargo, se enlista las indicaciones que emiti\u00f3 a su personal a cargo: \u201cVamos a proteger al pueblo, no a enfrentarnos a \u00e9l\u201d.<\/p>\n<p>Otras versiones indican que mientras la polic\u00eda del Estado se encontraba \u201cprotegiendo\u201d el recinto Legislativo Local, su cuadrilla realiz\u00f3 patrullajes en la ciudad con el objetivo de mantener la protecci\u00f3n en la capital del Estado. <\/p>\n<p>Hasta el momento no se ha aclarado el verdadero motivo de la separaci\u00f3n del cargo, pero la fuerte versi\u00f3n oficial es que no se cuadro con las medidas \u201cimpositivas\u201d del actual gobierno, es decir, no formo parte de los elementos de la polic\u00eda que se prestaron a la represi\u00f3n contra los manifestantes del Congreso Local. <\/p>\n<div class='share-to-whatsapp-wrapper'><div class='share-on-whsp'>Share on: <\/div><a data-text='Tras negativa de \"reprimir\" al pueblo en el Congreso Local - \"Renuncia\" directivo de polic\u00eda municipal' data-link='https:\/\/visionpeninsular.com\/mid\/tras-negativa-de-reprimir-al-pueblo-en-el-congreso-local-renuncia-directivo-de-policia-municipal\/' class='whatsapp-button whatsapp-share'>WhatsApp<\/a><div class='clear '><\/div><\/div>","protected":false},"excerpt":{"rendered":"<p>Como hemos informado desde el inicio de la semana se han registrado movilizaciones en el Recinto del Congreso de Quintana Roo, ubicado en Chetumal, ante ello se ha desplegado zendo operativo polic\u00edaco que ha repelido a los ciudadanos inconformes incluso con gas lacrim\u00f3geno. Sin embargo en un hecho poco com\u00fan, un directivo de la Polic\u00eda &hellip;<\/p>\n","protected":false},"author":1,"featured_media":6079,"comment_status":"open","ping_status":"open","sticky":false,"template":"","format":"standard","meta":{"_mi_skip_tracking":false},"categories":[48],"tags":[1294],"_links":{"self":[{"href":"https:\/\/visionpeninsular.com\/mid\/wp-json\/wp\/v2\/posts\/6077"}],"collection":[{"href":"https:\/\/visionpeninsular.com\/mid\/wp-json\/wp\/v2\/posts"}],"about":[{"href":"https:\/\/visionpeninsular.com\/mid\/wp-json\/wp\/v2\/types\/post"}],"author":[{"embeddable":true,"href":"https:\/\/visionpeninsular.com\/mid\/wp-json\/wp\/v2\/users\/1"}],"replies":[{"embeddable":true,"href":"https:\/\/visionpeninsular.com\/mid\/wp-json\/wp\/v2\/comments?post=6077"}],"version-history":[{"count":1,"href":"https:\/\/visionpeninsular.com\/mid\/wp-json\/wp\/v2\/posts\/6077\/revisions"}],"predecessor-version":[{"id":6078,"href":"https:\/\/visionpeninsular.com\/mid\/wp-json\/wp\/v2\/posts\/6077\/revisions\/6078"}],"wp:featuredmedia":[{"embeddable":true,"href":"https:\/\/visionpeninsular.com\/mid\/wp-json\/wp\/v2\/media\/6079"}],"wp:attachment":[{"href":"https:\/\/visionpeninsular.com\/mid\/wp-json\/wp\/v2\/media?parent=6077"}],"wp:term":[{"taxonomy":"category","embeddable":true,"href":"https:\/\/visionpeninsular.com\/mid\/wp-json\/wp\/v2\/categories?post=6077"},{"taxonomy":"post_tag","embeddable":true,"href":"https:\/\/visionpeninsular.com\/mid\/wp-json\/wp\/v2\/tags?post=6077"}],"curies":[{"name":"wp","href":"https:\/\/api.w.org\/{rel}","templated":true}]}}