{"id":60557,"date":"2019-01-19T20:28:19","date_gmt":"2019-01-20T02:28:19","guid":{"rendered":"http:\/\/visionpeninsular.com\/mid\/?p=60557"},"modified":"2019-01-19T20:28:31","modified_gmt":"2019-01-20T02:28:31","slug":"menor-con-graves-quemaduras-sera-atendido-en-hospital-especializado-en-texas","status":"publish","type":"post","link":"https:\/\/visionpeninsular.com\/mid\/menor-con-graves-quemaduras-sera-atendido-en-hospital-especializado-en-texas\/","title":{"rendered":"Menor con graves quemaduras ser\u00e1 atendido en hospital especializado en Texas"},"content":{"rendered":"\n<p>Como resultado de las gestiones hechas por el gobierno\nyucateco ante la Fundaci\u00f3n Michou y Mau, se logr\u00f3 el traslado a\u00e9reo del\npaciente S.F.H.C, de 3 a\u00f1os de edad y originario del municipio de Tecoh, al\nHospital Shriners para Ni\u00f1os de Galveston, Texas, Estados Unidos, para ser\natendido de las quemaduras de segundo y tercer grado que sufri\u00f3 el pasado 16 de\nenero debido a un percance. <\/p>\n\n\n\n<p>Por instrucciones del gobernador Mauricio Vila Dosal,\nprofesionales del \u00e1rea&nbsp; de Pediatr\u00eda del\nHospital \u201cAgust\u00edn O\u2019Hor\u00e1n\u201d de la Secretar\u00eda de Salud del Estado (SSY), se\nencargaron de coordinar las tareas para enviar en una ambulancia a\u00e9rea al\nmenor, junto con su madre A.C.I, al hospital donde recibir\u00e1 atenci\u00f3n m\u00e9dica\nespecializada en dicha ciudad estadounidense. <\/p>\n\n\n\n<p>Para el traslado, arrib\u00f3 al aeropuerto internacional de esta\nciudad \u201cManuel Crescencio Rej\u00f3n\u201d la ambulancia a\u00e9rea con matr\u00edcula XA-UUW, la\ncual parti\u00f3 alrededor de las 17:15 horas con rumbo a la mencionada urbe texana.<\/p>\n\n\n\n<p>Durante el viaje, el infante fue asistido por personal\nm\u00e9dico y param\u00e9dico especializado en quemaduras de la Fundaci\u00f3n Michou y Mau,\nadem\u00e1s de que estuvo acompa\u00f1ado de su mam\u00e1.<\/p>\n\n\n\n<p>En representaci\u00f3n del mandatario estatal, el titular de la\nSSY, Mauricio Sauri Vivas, supervis\u00f3 las labores para brindar al peque\u00f1o y su\nfamilia el apoyo especializado que requiri\u00f3.<\/p>\n\n\n\n<p>Al respecto, el funcionario explic\u00f3 que desde que tuvo\nconocimiento del caso, el gobernador se ha mantenido atento a la evoluci\u00f3n de\nla salud del menor.<\/p>\n\n\n\n<p>Asimismo, Sauri Vivas resalt\u00f3 el humanismo del personal\nm\u00e9dico y de enfermer\u00eda del \u00e1rea de Pediatr\u00eda del nosocomio yucateco, as\u00ed como\nel apoyo brindado por la Administraci\u00f3n del Patrimonio de la Beneficencia\nP\u00fablica del Estado de Yucat\u00e1n (APBPY) para estos fines.<\/p>\n<div class='share-to-whatsapp-wrapper'><div class='share-on-whsp'>Share on: <\/div><a data-text='Menor con graves quemaduras ser\u00e1 atendido en hospital especializado en Texas' data-link='https:\/\/visionpeninsular.com\/mid\/menor-con-graves-quemaduras-sera-atendido-en-hospital-especializado-en-texas\/' class='whatsapp-button whatsapp-share'>WhatsApp<\/a><div class='clear '><\/div><\/div>","protected":false},"excerpt":{"rendered":"<p>Como resultado de las gestiones hechas por el gobierno yucateco ante la Fundaci\u00f3n Michou y Mau, se logr\u00f3 el traslado a\u00e9reo del paciente S.F.H.C, de 3 a\u00f1os de edad y originario del municipio de Tecoh, al Hospital Shriners para Ni\u00f1os de Galveston, Texas, Estados Unidos, para ser atendido de las quemaduras de segundo y tercer &hellip;<\/p>\n","protected":false},"author":5,"featured_media":60566,"comment_status":"open","ping_status":"open","sticky":false,"template":"","format":"standard","meta":{"_mi_skip_tracking":false},"categories":[50,37],"tags":[14203,185,14205,3861,14204,2843],"_links":{"self":[{"href":"https:\/\/visionpeninsular.com\/mid\/wp-json\/wp\/v2\/posts\/60557"}],"collection":[{"href":"https:\/\/visionpeninsular.com\/mid\/wp-json\/wp\/v2\/posts"}],"about":[{"href":"https:\/\/visionpeninsular.com\/mid\/wp-json\/wp\/v2\/types\/post"}],"author":[{"embeddable":true,"href":"https:\/\/visionpeninsular.com\/mid\/wp-json\/wp\/v2\/users\/5"}],"replies":[{"embeddable":true,"href":"https:\/\/visionpeninsular.com\/mid\/wp-json\/wp\/v2\/comments?post=60557"}],"version-history":[{"count":1,"href":"https:\/\/visionpeninsular.com\/mid\/wp-json\/wp\/v2\/posts\/60557\/revisions"}],"predecessor-version":[{"id":60567,"href":"https:\/\/visionpeninsular.com\/mid\/wp-json\/wp\/v2\/posts\/60557\/revisions\/60567"}],"wp:featuredmedia":[{"embeddable":true,"href":"https:\/\/visionpeninsular.com\/mid\/wp-json\/wp\/v2\/media\/60566"}],"wp:attachment":[{"href":"https:\/\/visionpeninsular.com\/mid\/wp-json\/wp\/v2\/media?parent=60557"}],"wp:term":[{"taxonomy":"category","embeddable":true,"href":"https:\/\/visionpeninsular.com\/mid\/wp-json\/wp\/v2\/categories?post=60557"},{"taxonomy":"post_tag","embeddable":true,"href":"https:\/\/visionpeninsular.com\/mid\/wp-json\/wp\/v2\/tags?post=60557"}],"curies":[{"name":"wp","href":"https:\/\/api.w.org\/{rel}","templated":true}]}}